{"id":214907,"date":"2022-05-15T11:21:37","date_gmt":"2022-05-15T16:21:37","guid":{"rendered":"https:\/\/plazajuarez.mx\/?p=214907"},"modified":"2022-05-15T11:21:55","modified_gmt":"2022-05-15T16:21:55","slug":"nodal_deja","status":"publish","type":"post","link":"https:\/\/plazajuarez.mx\/historico\/nodal_deja\/","title":{"rendered":"Nodal deja sus &#8220;vicios&#8221; tras separarse de Belinda"},"content":{"rendered":"\n<p> Tras separarse de Belinda, Christian Nodal quiere dejar atr\u00e1s todas las cosas que lo perjudican y es por ello que, decidi\u00f3 empezar a cuidar su salud con una buena alimentaci\u00f3n y alejarse tambi\u00e9n de los vicios como el cigarro y el alcohol.<\/p>\n\n\n\n<p>El cantante, que en los \u00faltimos a\u00f1os ha estado envuelto en esc\u00e1ndalos, ahora sorprendi\u00f3 a todos sus seguidores anunciando los cambios que quiere hacer para tener una vida m\u00e1s saludable.\u00a0<\/p>\n\n\n\n<p>Fue en su cuenta oficial de Twitter en donde escribi\u00f3 sobre su intenci\u00f3n de dejar el cigarro, lamentablemente la abstinencia empieza a crearle estragos al cantante, la cual describe como insoportable y la compara como si estuviese viviendo &#8220;en el infierno&#8221;.\u00a0<\/p>\n\n\n\n<p>&#8220;Les quiero compartir algo&#8230; Sin hacer el cuento largo, el cigarro ha estado en mi vida en los peores y mejores momentos, pero estoy harto de los males necesarios. Jure jam\u00e1s en la vida fumar un cigarro. Llevo tres d\u00edas y la abstinencia es un infierno. Pero si yo puedo t\u00fa puedes&#8221;, escribi\u00f3.\u00a0<\/p>\n\n\n\n<p>En otro tuit sigui\u00f3 explicando que, sabe que muchos de sus seguidores no fuman, pero desea que lo que est\u00e1 haciendo sirva como ejemplo, para que, as\u00ed como \u00e9l, se desahoguen de todo lo negativo que exista en sus vidas y les est\u00e9 haciendo da\u00f1o.\u00a0<\/p>\n\n\n\n<p>&#8220;S\u00e9 que muchos de mi p\u00fablico no fuman, pero el mensaje no es el cigarro. Es que podemos mandar a la mierda todo lo que nos destruye y al mismo tiempo nos hace sentir bien. Les mando mucho amor y paz&#8221;, expres\u00f3.\u00a0<\/p>\n\n\n\n<p>Tambi\u00e9n confes\u00f3 que cuando ya no aguanta la abstinencia a la nicotina, lo sustituye por un cigarrillo electr\u00f3nico con el cual puede inhalar vapor.\u00a0<\/p>\n\n\n\n<p>Anteriormente, en una conferencia de prensa que ofreci\u00f3 en Guatemala, en donde dio un concierto como parte de su gira &#8220;Forajido Tour&#8221;, dijo que estaba buscando mejorar sus h\u00e1bitos, porque hab\u00eda descuidado varios aspectos de su salud, como sus horas de sue\u00f1o.\u00a0<\/p>\n\n\n\n<p>&#8220;La verdad estoy cuid\u00e1ndome, estoy trat\u00e1ndome bien, porque justo como les hab\u00eda dicho, hab\u00eda durado varios d\u00edas sin dormir, no me gusta eso&#8221;, se\u00f1al\u00f3.\u00a0<\/p>\n\n\n\n<p>Tambi\u00e9n resalt\u00f3 que, ya est\u00e1 dejando el alcohol, est\u00e1 haciendo dieta y brome\u00f3 que ya quedaron fuera las fiestas porque si no &#8220;se va a acabar&#8221; el mismo.\u00a0<\/p>\n\n\n\n<p>&#8220;Estoy haciendo dieta, estoy comiendo bien. Me despegu\u00e9 del alcohol, un poquito, entonces realmente cuando lo hago es para disfrutar del momento con las personas, pero ya no tanto\u2026 \u00bfDe fiesta?, no, no tanta fiesta porque me voy a acabar\u2026&#8221;, exclam\u00f3.<\/p>\n","protected":false},"excerpt":{"rendered":"<p>Tras separarse de Belinda, Christian Nodal quiere dejar atr\u00e1s todas las cosas que lo perjudican y es por ello que, decidi\u00f3 empezar a cuidar su salud con una buena alimentaci\u00f3n y alejarse tambi\u00e9n de los vicios como el cigarro y el alcohol. El cantante, que en los \u00faltimos a\u00f1os ha estado envuelto en esc\u00e1ndalos, ahora [&hellip;]<\/p>\n","protected":false},"author":81,"featured_media":214909,"comment_status":"closed","ping_status":"closed","sticky":false,"template":"","format":"standard","meta":{"footnotes":""},"categories":[38],"tags":[],"class_list":["post-214907","post","type-post","status-publish","format-standard","has-post-thumbnail","hentry","category-show"],"_links":{"self":[{"href":"https:\/\/plazajuarez.mx\/historico\/wp-json\/wp\/v2\/posts\/214907","targetHints":{"allow":["GET"]}}],"collection":[{"href":"https:\/\/plazajuarez.mx\/historico\/wp-json\/wp\/v2\/posts"}],"about":[{"href":"https:\/\/plazajuarez.mx\/historico\/wp-json\/wp\/v2\/types\/post"}],"author":[{"embeddable":true,"href":"https:\/\/plazajuarez.mx\/historico\/wp-json\/wp\/v2\/users\/81"}],"replies":[{"embeddable":true,"href":"https:\/\/plazajuarez.mx\/historico\/wp-json\/wp\/v2\/comments?post=214907"}],"version-history":[{"count":0,"href":"https:\/\/plazajuarez.mx\/historico\/wp-json\/wp\/v2\/posts\/214907\/revisions"}],"wp:featuredmedia":[{"embeddable":true,"href":"https:\/\/plazajuarez.mx\/historico\/wp-json\/wp\/v2\/media\/214909"}],"wp:attachment":[{"href":"https:\/\/plazajuarez.mx\/historico\/wp-json\/wp\/v2\/media?parent=214907"}],"wp:term":[{"taxonomy":"category","embeddable":true,"href":"https:\/\/plazajuarez.mx\/historico\/wp-json\/wp\/v2\/categories?post=214907"},{"taxonomy":"post_tag","embeddable":true,"href":"https:\/\/plazajuarez.mx\/historico\/wp-json\/wp\/v2\/tags?post=214907"}],"curies":[{"name":"wp","href":"https:\/\/api.w.org\/{rel}","templated":true}]}}