{"id":214883,"date":"2022-05-15T11:14:48","date_gmt":"2022-05-15T16:14:48","guid":{"rendered":"https:\/\/plazajuarez.mx\/?p=214883"},"modified":"2022-05-15T11:15:00","modified_gmt":"2022-05-15T16:15:00","slug":"detenido-en-yucatan-como-presunto-responsable-del-feminicidio-de-su-prima","status":"publish","type":"post","link":"https:\/\/plazajuarez.mx\/historico\/detenido-en-yucatan-como-presunto-responsable-del-feminicidio-de-su-prima\/","title":{"rendered":"Detenido en Yucat\u00e1n como\u00a0presunto responsable del\u00a0feminicidio de su prima"},"content":{"rendered":"\n<p>Un pr\u00f3fugo de la justicia de Hidalgo desde 2013, por el delito de feminicidio de su prima, quien ten\u00eda 8 meses de embarazo, fue detenido en M\u00e9rida.<\/p>\n\n\n\n<p>La b\u00fasqueda, localizaci\u00f3n y captura del sujeto en Yucat\u00e1n la realizaron coordinadamente agentes de Polic\u00eda Estatal de Investigaci\u00f3n (PEI) de la Secretar\u00eda de Seguridad P\u00fablica (SSP) y la Fiscal\u00eda General del Estado (FGE), en colaboraci\u00f3n con sus hom\u00f3logos de Hidalgo.<\/p>\n\n\n\n<p>A Mart\u00edn de 46 a\u00f1os, se le sigue la causa penal por el feminicidio de su prima embarazada, perpetrado en el a\u00f1o 2013 en Pachuca.<\/p>\n\n\n\n<p>Tan pronto ejecutaron la orden de aprehensi\u00f3n, los agentes y fiscales investigadores de Yucat\u00e1n entregaron al presunto feminicida a sus hom\u00f3logos para ser puesto a disposici\u00f3n del Juez Penal de Primera Instancia del Distrito Judicial de Pachuca.<\/p>\n","protected":false},"excerpt":{"rendered":"<p>Un pr\u00f3fugo de la justicia de Hidalgo desde 2013, por el delito de feminicidio de su prima, quien ten\u00eda 8 meses de embarazo, fue detenido en M\u00e9rida. La b\u00fasqueda, localizaci\u00f3n y captura del sujeto en Yucat\u00e1n la realizaron coordinadamente agentes de Polic\u00eda Estatal de Investigaci\u00f3n (PEI) de la Secretar\u00eda de Seguridad P\u00fablica (SSP) y la [&hellip;]<\/p>\n","protected":false},"author":81,"featured_media":214906,"comment_status":"closed","ping_status":"closed","sticky":false,"template":"","format":"standard","meta":{"footnotes":""},"categories":[37],"tags":[],"class_list":["post-214883","post","type-post","status-publish","format-standard","has-post-thumbnail","hentry","category-barandilla"],"_links":{"self":[{"href":"https:\/\/plazajuarez.mx\/historico\/wp-json\/wp\/v2\/posts\/214883","targetHints":{"allow":["GET"]}}],"collection":[{"href":"https:\/\/plazajuarez.mx\/historico\/wp-json\/wp\/v2\/posts"}],"about":[{"href":"https:\/\/plazajuarez.mx\/historico\/wp-json\/wp\/v2\/types\/post"}],"author":[{"embeddable":true,"href":"https:\/\/plazajuarez.mx\/historico\/wp-json\/wp\/v2\/users\/81"}],"replies":[{"embeddable":true,"href":"https:\/\/plazajuarez.mx\/historico\/wp-json\/wp\/v2\/comments?post=214883"}],"version-history":[{"count":0,"href":"https:\/\/plazajuarez.mx\/historico\/wp-json\/wp\/v2\/posts\/214883\/revisions"}],"wp:featuredmedia":[{"embeddable":true,"href":"https:\/\/plazajuarez.mx\/historico\/wp-json\/wp\/v2\/media\/214906"}],"wp:attachment":[{"href":"https:\/\/plazajuarez.mx\/historico\/wp-json\/wp\/v2\/media?parent=214883"}],"wp:term":[{"taxonomy":"category","embeddable":true,"href":"https:\/\/plazajuarez.mx\/historico\/wp-json\/wp\/v2\/categories?post=214883"},{"taxonomy":"post_tag","embeddable":true,"href":"https:\/\/plazajuarez.mx\/historico\/wp-json\/wp\/v2\/tags?post=214883"}],"curies":[{"name":"wp","href":"https:\/\/api.w.org\/{rel}","templated":true}]}}