{"id":214835,"date":"2022-05-14T15:22:10","date_gmt":"2022-05-14T20:22:10","guid":{"rendered":"https:\/\/plazajuarez.mx\/?p=214835"},"modified":"2022-05-14T16:51:00","modified_gmt":"2022-05-14T21:51:00","slug":"participa_carolina","status":"publish","type":"post","link":"https:\/\/plazajuarez.mx\/historico\/participa_carolina\/","title":{"rendered":"PARTICIPA CAROLINA VIGGIANO EN CABALGATA DE LA VICTORIA POR CALLES DE HUEJUTLA"},"content":{"rendered":"\n<p><em>Recibi\u00f3 muestras de apoyo y cari\u00f1o por la gente<br>que caminaba por la zona.<\/em><\/p>\n\n\n\n<p><em>Fueron m\u00e1s\u00a0 de 350 jinetes de diferentes organizaciones campesinas<br>de municipios vecinos.<\/em><\/p>\n\n\n\n<p>La ma\u00f1ana de este s\u00e1bado, la candidata de la alianza Va por Hidalgo, Carolina Viggiano Austria, se sum\u00f3 a la denominada cabalgata de la victoria por las calles de Huejutla, acompa\u00f1ada por m\u00e1s de 350 jinetes de diferentes organizaciones campesinas de municipios vecinos que simpatizan con el proyecto de la&nbsp; candidata serrana.<\/p>\n\n\n\n<p>Durante su paso por las calles c\u00e9ntricas de la ciudad, la abanderada de la coalici\u00f3n conformada por los partidos PAN-PRI-PRD recibi\u00f3 muestras de apoyo y cari\u00f1o por parte de la gente que caminaba y esperaba para saludarla.<\/p>\n\n\n\n<p>Al cruzar la plaza principal de Huejutla, la candidata aliancista fue recibida al grito de &#8220;Caro gobernadora&#8221;, quien agradeci\u00f3 con la se\u00f1al de V de victoria.<\/p>\n\n\n\n<p>El term\u00f3metro marcaba una temperatura de 35 grados cent\u00edgrados y una humedad del 90 por ciento, pero eso no import\u00f3 a los jinetes a bordo de sus caballos, para apoyar a quien ser\u00e1 la pr\u00f3xima gobernadora de Hidalgo, Carolina Viggiano.<\/p>\n\n\n\n<p>Despu\u00e9s de un recorrido de casi 5 kil\u00f3metros, la candidata agradeci\u00f3 y reconoci\u00f3 a los jinetes que la acompa\u00f1aron, y se dijo segura que este 5 de junio, ese apoyo se ver\u00e1 reflejado en las urnas, pues la Huasteca hidalguense, siempre ha dado muestras de apoyo a la alianza Va por Hidalgo.<\/p>\n\n\n\n<p>\u2014oOo\u2014<\/p>\n","protected":false},"excerpt":{"rendered":"<p>Recibi\u00f3 muestras de apoyo y cari\u00f1o por la genteque caminaba por la zona. Fueron m\u00e1s\u00a0 de 350 jinetes de diferentes organizaciones campesinasde municipios vecinos. La ma\u00f1ana de este s\u00e1bado, la candidata de la alianza Va por Hidalgo, Carolina Viggiano Austria, se sum\u00f3 a la denominada cabalgata de la victoria por las calles de Huejutla, acompa\u00f1ada [&hellip;]<\/p>\n","protected":false},"author":93,"featured_media":214836,"comment_status":"closed","ping_status":"closed","sticky":false,"template":"","format":"standard","meta":{"footnotes":""},"categories":[2373,15,59],"tags":[2426],"class_list":["post-214835","post","type-post","status-publish","format-standard","has-post-thumbnail","hentry","category-campanas-2022","category-destacadas","category-general","tag-campanas2022"],"_links":{"self":[{"href":"https:\/\/plazajuarez.mx\/historico\/wp-json\/wp\/v2\/posts\/214835","targetHints":{"allow":["GET"]}}],"collection":[{"href":"https:\/\/plazajuarez.mx\/historico\/wp-json\/wp\/v2\/posts"}],"about":[{"href":"https:\/\/plazajuarez.mx\/historico\/wp-json\/wp\/v2\/types\/post"}],"author":[{"embeddable":true,"href":"https:\/\/plazajuarez.mx\/historico\/wp-json\/wp\/v2\/users\/93"}],"replies":[{"embeddable":true,"href":"https:\/\/plazajuarez.mx\/historico\/wp-json\/wp\/v2\/comments?post=214835"}],"version-history":[{"count":0,"href":"https:\/\/plazajuarez.mx\/historico\/wp-json\/wp\/v2\/posts\/214835\/revisions"}],"wp:featuredmedia":[{"embeddable":true,"href":"https:\/\/plazajuarez.mx\/historico\/wp-json\/wp\/v2\/media\/214836"}],"wp:attachment":[{"href":"https:\/\/plazajuarez.mx\/historico\/wp-json\/wp\/v2\/media?parent=214835"}],"wp:term":[{"taxonomy":"category","embeddable":true,"href":"https:\/\/plazajuarez.mx\/historico\/wp-json\/wp\/v2\/categories?post=214835"},{"taxonomy":"post_tag","embeddable":true,"href":"https:\/\/plazajuarez.mx\/historico\/wp-json\/wp\/v2\/tags?post=214835"}],"curies":[{"name":"wp","href":"https:\/\/api.w.org\/{rel}","templated":true}]}}