{"id":2148,"date":"2015-03-13T06:00:00","date_gmt":"2015-03-13T06:00:00","guid":{"rendered":"http:\/\/plazajuarez.mx\/index\/index.php\/2015\/03\/13\/delincuencia-desatada-y-cinica-comando-armado-roba-cuatro-unidades-de-un-corralon\/"},"modified":"2015-03-13T06:00:00","modified_gmt":"2015-03-13T06:00:00","slug":"delincuencia-desatada-y-cinica-comando-armado-roba-cuatro-unidades-de-un-corralon","status":"publish","type":"post","link":"https:\/\/plazajuarez.mx\/historico\/delincuencia-desatada-y-cinica-comando-armado-roba-cuatro-unidades-de-un-corralon\/","title":{"rendered":"Delincuencia desatada y c\u00ednica: Comando  armado roba cuatro unidades de un corral\u00f3n"},"content":{"rendered":"<p><strong>Tula de Allende<\/strong>\u00a0<\/p>\n<ul>\n<li><strong>Una de las unidades es un tr\u00e1iler que estaba cargado de hidrocarburo y que estaba a resguardo de la PGR <\/strong><\/li>\n<li><strong>Polic\u00eda Federal, estatal, municipal y la Coordinaci\u00f3n de Investigaciones Grupo Tula montan operativo infructuoso\u2026 ni unidades, ni malhechores fueron localizados<\/strong>\u00a0 <!--more--> <\/li>\n<\/ul>\n<p>Comando armado roba tr\u00e1iler cargado de hidrocarburo y tres unidades m\u00e1s del interior de un corral\u00f3n de encierro de Gr\u00faas D\u00edaz, ubicado sobre la carretera Tula-Tepetitl\u00e1n a la altura del puente elevado, adem\u00e1s deja amarrada a la pareja de veladores.<\/p>\n<p>\u00a0<\/p>\n<p>Los hechos se registraron alrededor de las seis de la tarde del mi\u00e9rcoles, informaron fuentes polic\u00edacas, que precisaron que el tr\u00e1iler con auto-tanque modificado se encontraba cargado de hidrocarburo y estaba a resguardo de la PGR.<\/p>\n<p> Sobre el atraco se conoci\u00f3 que varios sujetos llegaron a tocar el zagu\u00e1n del establecimiento y al abrir la pareja de veladores fueron amagados con armas de fuego y que mientras los presuntos se apoderaban de las unidades; los amarraron y encerraron en un cuarto.<\/p>\n<p>\u00a0<\/p>\n<p>La pareja de veladores se\u00f1alaron que despu\u00e9s de escucharon que los hombres que iban armados sacaron las unidades, como pudieron se desamarraron y de inmediato dieron parte a la polic\u00eda municipal.<\/p>\n<p>\u00a0<\/p>\n<p>Al llegar los uniformados comentaron que la mujer que dijo responder al nombre de Mar\u00eda \u201cH\u201d presentaba crisis nerviosa, por lo que tuvo que ser trasladada al hospital regional Tula-Tepeji para que fuera atendida.<\/p>\n<p>\u00a0<\/p>\n<p>Mientras, el Grupo de Coordinaci\u00f3n Interinstitucional activ\u00f3 la alarma y se implement\u00f3 un operativo en el que particip\u00f3 la Polic\u00eda Federal, estatal, municipal y la Coordinaci\u00f3n de Investigaciones Grupo Tula y de acuerdo a versiones de las autoridades polic\u00edacas no lograron dar con el paradero de las cuatro unidades que fueron sustra\u00eddas del corral\u00f3n de Gr\u00faas D\u00edaz y tampoco se logr\u00f3 detener a ninguna persona.<\/p>\n<p>\u00a0<\/p>\n<p>Manifestaron que adem\u00e1s por el robo de la pesada unidad dieron parte al personal de la Procuradur\u00eda General de la Rep\u00fablica (PGR) pues ten\u00edan conocimiento de que el tr\u00e1iler se encontraba a su resguardo.<\/p>\n","protected":false},"excerpt":{"rendered":"<p>Tula de Allende\u00a0 Una de las unidades es un tr\u00e1iler que estaba cargado de hidrocarburo y que estaba a resguardo de la PGR Polic\u00eda Federal, estatal, municipal y la Coordinaci\u00f3n de Investigaciones Grupo Tula montan operativo infructuoso\u2026 ni unidades, ni malhechores fueron localizados\u00a0<\/p>\n","protected":false},"author":93,"featured_media":0,"comment_status":"open","ping_status":"open","sticky":false,"template":"","format":"standard","meta":{"footnotes":""},"categories":[40],"tags":[],"class_list":["post-2148","post","type-post","status-publish","format-standard","hentry","category-region"],"_links":{"self":[{"href":"https:\/\/plazajuarez.mx\/historico\/wp-json\/wp\/v2\/posts\/2148","targetHints":{"allow":["GET"]}}],"collection":[{"href":"https:\/\/plazajuarez.mx\/historico\/wp-json\/wp\/v2\/posts"}],"about":[{"href":"https:\/\/plazajuarez.mx\/historico\/wp-json\/wp\/v2\/types\/post"}],"author":[{"embeddable":true,"href":"https:\/\/plazajuarez.mx\/historico\/wp-json\/wp\/v2\/users\/93"}],"replies":[{"embeddable":true,"href":"https:\/\/plazajuarez.mx\/historico\/wp-json\/wp\/v2\/comments?post=2148"}],"version-history":[{"count":0,"href":"https:\/\/plazajuarez.mx\/historico\/wp-json\/wp\/v2\/posts\/2148\/revisions"}],"wp:attachment":[{"href":"https:\/\/plazajuarez.mx\/historico\/wp-json\/wp\/v2\/media?parent=2148"}],"wp:term":[{"taxonomy":"category","embeddable":true,"href":"https:\/\/plazajuarez.mx\/historico\/wp-json\/wp\/v2\/categories?post=2148"},{"taxonomy":"post_tag","embeddable":true,"href":"https:\/\/plazajuarez.mx\/historico\/wp-json\/wp\/v2\/tags?post=2148"}],"curies":[{"name":"wp","href":"https:\/\/api.w.org\/{rel}","templated":true}]}}