{"id":214770,"date":"2022-05-14T06:00:00","date_gmt":"2022-05-14T11:00:00","guid":{"rendered":"https:\/\/plazajuarez.mx\/?p=214770"},"modified":"2022-05-14T07:35:17","modified_gmt":"2022-05-14T12:35:17","slug":"denuncia-para-garantizar-los-derechos-politicos","status":"publish","type":"post","link":"https:\/\/plazajuarez.mx\/historico\/denuncia-para-garantizar-los-derechos-politicos\/","title":{"rendered":"\u201cDenuncia para garantizar los derechos pol\u00edticos\u201d"},"content":{"rendered":"\n<h2 class=\"wp-block-heading\">IGUALDAD SUSTANTIVA, EMPODERAMIENTO EFECTIVO<\/h2>\n\n\n\n<p>Para el ejercicio pleno de los derechos pol\u00edticos de las mujeres, la violencia pol\u00edtica por razones de g\u00e9nero es uno de los tantos obst\u00e1culos para lograrlo. De acuerdo al informe del Instituto de Liderazgo Simone de Beauvoir hasta los procesos electorales del 2021, en M\u00e9xico 16 candidatas fueron asesinadas, y 106 presentaron denuncias por diversas razones de violencia pol\u00edtica.<\/p>\n\n\n\n<p>Seg\u00fan datos y cifras de Noria-MXAC la mayor incidencia de violencia pol\u00edtica en los procesos electorales, se da en la etapa de campa\u00f1a con 64 puntos de la tasa porcentual, seguido de la precampa\u00f1a con 20.2, y durante la administraci\u00f3n con 12; regularmente durante la campa\u00f1a los candidatos y equipo ponen de manifiesto su formaci\u00f3n cultural machista, patriarcal y hasta mis\u00f3gina a trav\u00e9s de acciones de intolerancia contra las mujeres candidatas.<\/p>\n\n\n\n<p>Estas acciones de manera general se hacen evidentes al repartir propaganda pol\u00edtica de degradaci\u00f3n, al expresar difamaci\u00f3n, divulgaci\u00f3n de informaci\u00f3n privada, y amenazas contra las mujeres candidatas formando parte de violencia en sus distintos tipos.<\/p>\n\n\n\n<p>En este sentido es la Ley General de Acceso de las Mujeres a una Vida Libre de Violencia (LGAMVLV) en su Art\u00edculo 20 Ter, la que describe 22 conductas de violencia pol\u00edtica contra las mujeres, que en este caso corresponde&nbsp; la primera, relacionada con el incumplimiento de las disposiciones jur\u00eddicas nacionales e internacionales que reconocen el ejercicio pleno de los derechos pol\u00edticos de las mujeres; la s\u00e9ptima al obstaculizar la campa\u00f1a impidiendo que la competencia electoral se desarrolle en condiciones de igualdad;&nbsp;<\/p>\n\n\n\n<p>La octava al realizar o distribuir propaganda pol\u00edtica o electoral que calumnie, degrade o descalifique a una candidata bas\u00e1ndose en estereotipos de g\u00e9nero que reproduzcan relaciones de dominaci\u00f3n, desigualdad o discriminaci\u00f3n contra las mujeres, con el objetivo de menoscabar su imagen p\u00fablica o limitar sus derechos pol\u00edticos y electorales; la novena al difamar, calumniar, injuriar o realizar cualquier expresi\u00f3n que denigre o descalifique a las mujeres en ejercicio de sus funciones pol\u00edticas, con base en estereotipos de g\u00e9nero.<\/p>\n\n\n\n<p>La d\u00e9cima al divulgar im\u00e1genes, mensajes o informaci\u00f3n privada de una mujer candidata o en funciones, por cualquier medio f\u00edsico o virtual, con el prop\u00f3sito de desacreditarla, difamarla, denigrarla y poner en entredicho su capacidad o habilidades para la pol\u00edtica, con base en estereotipos de g\u00e9nero;&nbsp; la d\u00e9cima primera al amenazar o intimidar a una o varias mujeres o a su familia o colaboradores con el objeto de inducir su renuncia a la candidatura o al cargo para el que fue electa o designada;&nbsp;<\/p>\n\n\n\n<p>La d\u00e9cima sexta al ejercer violencia f\u00edsica, sexual, simb\u00f3lica, psicol\u00f3gica, econ\u00f3mica o patrimonial contra una mujer en ejercicio de sus derechos pol\u00edticos; y la vig\u00e9sima segunda se\u00f1alando cualesquiera otras formas an\u00e1logas que lesionen o sean susceptibles de da\u00f1ar a las mujeres.<\/p>\n\n\n\n<p>En los procesos electorales, es altamente importante revisar y analizar las conductas ejercidas bajo los lineamientos de las conductas establecidas en el art\u00edculo 20 ter de la LGAMVLV para obtener resultados y en su caso denunciar coadyuvando as\u00ed a la garant\u00eda de los derechos pol\u00edticos electorales de las mujeres como una forma de vida justa e igualitaria.&nbsp;<\/p>\n\n\n\n<p>\u00a1Identifica, analiza y denuncia!<\/p>\n","protected":false},"excerpt":{"rendered":"<p>IGUALDAD SUSTANTIVA, EMPODERAMIENTO EFECTIVO Para el ejercicio pleno de los derechos pol\u00edticos de las mujeres, la violencia pol\u00edtica por razones de g\u00e9nero es uno de los tantos obst\u00e1culos para lograrlo. De acuerdo al informe del Instituto de Liderazgo Simone de Beauvoir hasta los procesos electorales del 2021, en M\u00e9xico 16 candidatas fueron asesinadas, y 106 [&hellip;]<\/p>\n","protected":false},"author":104,"featured_media":208208,"comment_status":"closed","ping_status":"closed","sticky":false,"template":"","format":"standard","meta":{"footnotes":""},"categories":[42,2157],"tags":[],"class_list":["post-214770","post","type-post","status-publish","format-standard","has-post-thumbnail","hentry","category-nuestrapalabra","category-patricia-gonzalez-lopez"],"_links":{"self":[{"href":"https:\/\/plazajuarez.mx\/historico\/wp-json\/wp\/v2\/posts\/214770","targetHints":{"allow":["GET"]}}],"collection":[{"href":"https:\/\/plazajuarez.mx\/historico\/wp-json\/wp\/v2\/posts"}],"about":[{"href":"https:\/\/plazajuarez.mx\/historico\/wp-json\/wp\/v2\/types\/post"}],"author":[{"embeddable":true,"href":"https:\/\/plazajuarez.mx\/historico\/wp-json\/wp\/v2\/users\/104"}],"replies":[{"embeddable":true,"href":"https:\/\/plazajuarez.mx\/historico\/wp-json\/wp\/v2\/comments?post=214770"}],"version-history":[{"count":0,"href":"https:\/\/plazajuarez.mx\/historico\/wp-json\/wp\/v2\/posts\/214770\/revisions"}],"wp:featuredmedia":[{"embeddable":true,"href":"https:\/\/plazajuarez.mx\/historico\/wp-json\/wp\/v2\/media\/208208"}],"wp:attachment":[{"href":"https:\/\/plazajuarez.mx\/historico\/wp-json\/wp\/v2\/media?parent=214770"}],"wp:term":[{"taxonomy":"category","embeddable":true,"href":"https:\/\/plazajuarez.mx\/historico\/wp-json\/wp\/v2\/categories?post=214770"},{"taxonomy":"post_tag","embeddable":true,"href":"https:\/\/plazajuarez.mx\/historico\/wp-json\/wp\/v2\/tags?post=214770"}],"curies":[{"name":"wp","href":"https:\/\/api.w.org\/{rel}","templated":true}]}}