{"id":2147,"date":"2015-03-13T06:00:00","date_gmt":"2015-03-13T06:00:00","guid":{"rendered":"http:\/\/plazajuarez.mx\/index\/index.php\/2015\/03\/13\/controversia-en-colonia-de-san-marcos-calle-llevaria-nombre-del-alcalde\/"},"modified":"2015-03-13T06:00:00","modified_gmt":"2015-03-13T06:00:00","slug":"controversia-en-colonia-de-san-marcos-calle-llevaria-nombre-del-alcalde","status":"publish","type":"post","link":"https:\/\/plazajuarez.mx\/historico\/controversia-en-colonia-de-san-marcos-calle-llevaria-nombre-del-alcalde\/","title":{"rendered":"Controversia en colonia de San Marcos\u2026  calle llevar\u00eda nombre del alcalde"},"content":{"rendered":"<p><strong>Tula de Allende<\/strong><\/p>\n<ul>\n<li><strong>Autoridades auxiliares de la colonia La Romera, lo proponen <\/strong><\/li>\n<li><strong>Refieren que la petici\u00f3n obedece a que la administraci\u00f3n de Allende Gonz\u00e1lez se ha caracterizado por impulsar el desarrollo integral de las comunidades, de ah\u00ed que consideren que merece que una calle lleve su nombre (dejen seco una lagrima traicionera)<\/strong><\/li>\n<li><strong><strong>Ciudadanos de la misma colonia se oponen a lo que proponen sus \u201crepresentantes\u201d<\/strong><\/strong> <!--more--> \u00a0<\/li>\n<\/ul>\n<p>Pol\u00e9mica y controversia gener\u00f3 la petici\u00f3n, que a trav\u00e9s de un oficio, hicieron autoridades auxiliares de la colonia La Romera, perteneciente a la comunidad de San Marcos, para pedirle al alcalde de Tula, Jaime Allende Gonz\u00e1lez autorice ponerle su nombre a la entrada principal de dicha localidad.<\/p>\n<p>\u00a0<\/p>\n<p>El presidente, tesorero y vicepresidente, Santiago Trinidad, Said Alejandro Moreno y Jorge Jim\u00e9nez, respectivamente en el documento que obra en poder de Diario Plaza Ju\u00e1rez manifiestan ser portadores de las voces de su comunidad y de la Loma de San Miguel, para dicha petici\u00f3n de autorizaci\u00f3n de poner el nombre del edil a la calle principal.<\/p>\n<p>\u00a0<\/p>\n<p>Adem\u00e1s en el documento de fecha 3 de marzo dirigido al edil, con copia a Obras P\u00fablicas, a la H. Asamblea y a la Coordinaci\u00f3n Jur\u00eddica puntualizan que la calle tiene un largo aproximado de 400 metros de La Romero y 150\u00a0 metros a La Loma por 6 metros de ancho.<\/p>\n<p>\u00a0<\/p>\n<p>Refieren que la petici\u00f3n obedece a que la administraci\u00f3n de Allende Gonz\u00e1lez se ha caracterizado por impulsar el desarrollo integral de las comunidades, de ah\u00ed que consideren que merece que una calle lleve su nombre.<\/p>\n<p>\u00a0<\/p>\n<p>Sin embargo al conocer la petici\u00f3n otro grupo de colonos se dijo en desacuerdo de que la entrada principal de su localidad lleve el nombre de Jaime Allende Gonz\u00e1lez, por lo que se pronunciaron en contra de la solicitud de sus representantes.\u00a0<\/p>\n<p>\u00a0<\/p>\n<p>Los inconformes advirtieron que la le petici\u00f3n\u00a0 no fue autorizada por la mayor\u00eda de los colonos, adem\u00e1s recalcaron que no consideran que el edil Jaime Allende tenga m\u00e9rito alguno en el municipio para que una arteria lleve su nombre, toda vez que los cuestionamientos de su administraci\u00f3n son mayores.<\/p>\n","protected":false},"excerpt":{"rendered":"<p>Tula de Allende Autoridades auxiliares de la colonia La Romera, lo proponen Refieren que la petici\u00f3n obedece a que la administraci\u00f3n de Allende Gonz\u00e1lez se ha caracterizado por impulsar el desarrollo integral de las comunidades, de ah\u00ed que consideren que merece que una calle lleve su nombre (dejen seco una lagrima traicionera) Ciudadanos de la [&hellip;]<\/p>\n","protected":false},"author":93,"featured_media":0,"comment_status":"open","ping_status":"open","sticky":false,"template":"","format":"standard","meta":{"footnotes":""},"categories":[40],"tags":[],"class_list":["post-2147","post","type-post","status-publish","format-standard","hentry","category-region"],"_links":{"self":[{"href":"https:\/\/plazajuarez.mx\/historico\/wp-json\/wp\/v2\/posts\/2147","targetHints":{"allow":["GET"]}}],"collection":[{"href":"https:\/\/plazajuarez.mx\/historico\/wp-json\/wp\/v2\/posts"}],"about":[{"href":"https:\/\/plazajuarez.mx\/historico\/wp-json\/wp\/v2\/types\/post"}],"author":[{"embeddable":true,"href":"https:\/\/plazajuarez.mx\/historico\/wp-json\/wp\/v2\/users\/93"}],"replies":[{"embeddable":true,"href":"https:\/\/plazajuarez.mx\/historico\/wp-json\/wp\/v2\/comments?post=2147"}],"version-history":[{"count":0,"href":"https:\/\/plazajuarez.mx\/historico\/wp-json\/wp\/v2\/posts\/2147\/revisions"}],"wp:attachment":[{"href":"https:\/\/plazajuarez.mx\/historico\/wp-json\/wp\/v2\/media?parent=2147"}],"wp:term":[{"taxonomy":"category","embeddable":true,"href":"https:\/\/plazajuarez.mx\/historico\/wp-json\/wp\/v2\/categories?post=2147"},{"taxonomy":"post_tag","embeddable":true,"href":"https:\/\/plazajuarez.mx\/historico\/wp-json\/wp\/v2\/tags?post=2147"}],"curies":[{"name":"wp","href":"https:\/\/api.w.org\/{rel}","templated":true}]}}