{"id":214570,"date":"2022-05-12T13:32:03","date_gmt":"2022-05-12T18:32:03","guid":{"rendered":"https:\/\/plazajuarez.mx\/?p=214570"},"modified":"2022-05-12T13:32:16","modified_gmt":"2022-05-12T18:32:16","slug":"clases_16mayo","status":"publish","type":"post","link":"https:\/\/plazajuarez.mx\/historico\/clases_16mayo\/","title":{"rendered":"\u00bfHay clases el lunes 16 de mayo 2022?"},"content":{"rendered":"\n<p> Varios son los d\u00edas de mayo que han sido puentes o fines de semana largos, pero a\u00fan falta uno.<\/p>\n\n\n\n<p>Luego de los festejos del 1, 5 y 10 de mayo, muchas personas se preguntan si el 15 de mayo habr\u00e1 &#8220;puente&#8221;, es decir, fin de semana largo.<\/p>\n\n\n\n<p>El 15 de mayo se festeja el d\u00eda del maestro en M\u00e9xico, en donde hay 1.2 millones de personas que son docentes de educaci\u00f3n b\u00e1sica, seg\u00fan la Encuesta Nacional de Ocupaci\u00f3n y Empleo.<\/p>\n\n\n\n<p>El 15 de mayo cae en domingo, pero no se recorre al lunes como d\u00eda de asueto, pues seg\u00fan el art\u00edculo 74 de la Ley Federal del Trabajo, por lo que el d\u00eda del maestro no es oficial de descanso.<\/p>\n\n\n\n<p>CDMX<\/p>\n\n\n\n<p>Seg\u00fan reportes del SNTE y CNTE, en la Ciudad de M\u00e9xico s\u00ed habr\u00e1 clases el 16 de mayo 2022.<\/p>\n\n\n\n<p>Otros estados<\/p>\n\n\n\n<p>Este a\u00f1o el 15 de mayo, d\u00eda del Maestro, caer\u00e1 en domingo, por tal motivo en algunos estados el d\u00eda festivo se recorrer\u00e1 al lunes 16, aunque la mayor\u00eda aseguran que las clases se llevar\u00e1n a cabo de manera normal, por no ser un d\u00eda marcado como festivo en el calendario oficial de la SEP.<\/p>\n\n\n\n<p>Hasta este jueves, los estados donde no habr\u00e1 clases el lunes son: Veracruz, Tamaulipas, Quintana Roo, Guanajuato y Quer\u00e9taro.<\/p>\n\n\n\n<p>En Jalisco s\u00ed habr\u00e1 clases el lunes, pero el festivo por el d\u00eda del maestro lo tendr\u00e1n el viernes 13. Adem\u00e1s, los maestros de este estado suspender\u00e1n labores el 19 y 20 de mayo por actividades del sindicato.<\/p>\n\n\n\n<p>Por otra parte, las entidades donde s\u00ed habr\u00e1 clases el lunes 16 de mayo son: Aguascalientes Baja California, Baja California Sur, Chihuahua, Chiapas, Coahuila, Durango, Hidalgo, Morelos, Nuevo Le\u00f3n y Oaxaca.<\/p>\n\n\n\n<p>En otros estados, como Sinaloa y Zacatecas, la decisi\u00f3n se podr\u00eda tomar esta tarde.<\/p>\n\n\n\n<p>&#8212;Consejo T\u00e9cnico mayo 2022<\/p>\n\n\n\n<p>Pero los ni\u00f1os de educaci\u00f3n b\u00e1sica aun tendr\u00e1n un fin de largo en mayo, pues el calendario escolar de la SEP marca que el viernes 27 habr\u00e1 Consejo T\u00e9cnico Escolar, por lo que los menores no tendr\u00e1n clases.<\/p>\n","protected":false},"excerpt":{"rendered":"<p>Varios son los d\u00edas de mayo que han sido puentes o fines de semana largos, pero a\u00fan falta uno. Luego de los festejos del 1, 5 y 10 de mayo, muchas personas se preguntan si el 15 de mayo habr\u00e1 &#8220;puente&#8221;, es decir, fin de semana largo. El 15 de mayo se festeja el d\u00eda [&hellip;]<\/p>\n","protected":false},"author":81,"featured_media":203651,"comment_status":"closed","ping_status":"closed","sticky":false,"template":"","format":"standard","meta":{"footnotes":""},"categories":[36],"tags":[2467],"class_list":["post-214570","post","type-post","status-publish","format-standard","has-post-thumbnail","hentry","category-nacion","tag-maestros"],"_links":{"self":[{"href":"https:\/\/plazajuarez.mx\/historico\/wp-json\/wp\/v2\/posts\/214570","targetHints":{"allow":["GET"]}}],"collection":[{"href":"https:\/\/plazajuarez.mx\/historico\/wp-json\/wp\/v2\/posts"}],"about":[{"href":"https:\/\/plazajuarez.mx\/historico\/wp-json\/wp\/v2\/types\/post"}],"author":[{"embeddable":true,"href":"https:\/\/plazajuarez.mx\/historico\/wp-json\/wp\/v2\/users\/81"}],"replies":[{"embeddable":true,"href":"https:\/\/plazajuarez.mx\/historico\/wp-json\/wp\/v2\/comments?post=214570"}],"version-history":[{"count":0,"href":"https:\/\/plazajuarez.mx\/historico\/wp-json\/wp\/v2\/posts\/214570\/revisions"}],"wp:featuredmedia":[{"embeddable":true,"href":"https:\/\/plazajuarez.mx\/historico\/wp-json\/wp\/v2\/media\/203651"}],"wp:attachment":[{"href":"https:\/\/plazajuarez.mx\/historico\/wp-json\/wp\/v2\/media?parent=214570"}],"wp:term":[{"taxonomy":"category","embeddable":true,"href":"https:\/\/plazajuarez.mx\/historico\/wp-json\/wp\/v2\/categories?post=214570"},{"taxonomy":"post_tag","embeddable":true,"href":"https:\/\/plazajuarez.mx\/historico\/wp-json\/wp\/v2\/tags?post=214570"}],"curies":[{"name":"wp","href":"https:\/\/api.w.org\/{rel}","templated":true}]}}