{"id":2144,"date":"2015-03-12T06:00:00","date_gmt":"2015-03-12T06:00:00","guid":{"rendered":"http:\/\/plazajuarez.mx\/index\/index.php\/2015\/03\/12\/mueren-dos-personas-en-la-region-actopan\/"},"modified":"2015-03-12T06:00:00","modified_gmt":"2015-03-12T06:00:00","slug":"mueren-dos-personas-en-la-region-actopan","status":"publish","type":"post","link":"https:\/\/plazajuarez.mx\/historico\/mueren-dos-personas-en-la-region-actopan\/","title":{"rendered":"Mueren dos personas en la regi\u00f3n Actopan"},"content":{"rendered":"<p>UNA SUFRI\u00d3 QUEMADURAS POR UN RAYO Y OTRO FUE ATROPELLADO\u00a0<\/p>\n<p>  <!--more-->  <\/p>\n<p>\u00a0<\/p>\n<p>Durante las \u00faltimas horas, en la regi\u00f3n de Actopan, se reportaron dos decesos, en el primero, una octogenaria pereci\u00f3, luego de que un rayo cay\u00f3 en su vivienda e incendi\u00f3 el sill\u00f3n en el que estaba recostada, y el otro fue atropellado por un automotor de caracter\u00edsticas desconocidas.<\/p>\n<p>Del primer caso, la Procuradur\u00eda General de Justicia del estado de Hidalgo, que dirige Alejandro Straffon Ortiz, dio a conocer que por ello el agente del Ministerio P\u00fablico dio inicio a la averiguaci\u00f3n previa n\u00famero I\/361\/2015, por lo que resulte de la muerte de Concepci\u00f3n Hern\u00e1ndez Cruz de 87 a\u00f1os de edad, quien fuera vecina del municipio de<\/p>\n<p>San Salvador, donde cay\u00f3 un rayo en su vivienda y la descarga el\u00e9ctrica provoc\u00f3 que se prendiera el sill\u00f3n en el que estaba recostada la mujer que, finalmente, dej\u00f3 de existir.<\/p>\n<p>Fue una vecina del lugar la que detect\u00f3 la tragedia y de inmediato pidi\u00f3 apoyo, por lo que al lugar se traslad\u00f3 el personal de Bomberos de Actopan, quienes corroboraron que la infortunada ya estaba muerta y presentaba m\u00faltiples quemaduras en la mayor parte del cuerpo.<\/p>\n<p>Luego de que el representante social dio fe del cad\u00e1ver, orden\u00f3 el levantamiento y traslado del mismo al Servicio M\u00e9dico Forense para la pr\u00e1ctica de la necropsia de rigor, cuyo estudio corrobor\u00f3 que la causa de muerte fue por quemaduras de segundo y tercer grado en un 80% de la superficie corporal de la v\u00edctima.<\/p>\n<p>En lo que respecta al atropellado, se inform\u00f3 que el percance que seg\u00f3 una vida humana tuvo lugar en la localidad de El Rosario, por lo cual el agente del Ministerio P\u00fablico dio inicio a la averiguaci\u00f3n previa n\u00famero I\/365\/2015, por el deceso de quien en vida respondido al nombre de Emeterio Perc\u00e1stegui Su\u00e1rez de 70 a\u00f1os de edad.<\/p>\n<p>Sobre el accidente que cobr\u00f3 la vida del infortunado, se dijo que ocurri\u00f3 en la carretera Estatal Actopan-Tula y del veh\u00edculo se desconocen las caracter\u00edsticas, ya que quien lo manejaba se dio a la fuga sin dejar rastro de su paradero.<\/p>\n<p>Finalmente, la dependencia dedicada a la procuraci\u00f3n de justicia detall\u00f3 que tras la practica de la autopsia de ley, se conoci\u00f3 que la causa de muerte del infortunado fue por laceraci\u00f3n encef\u00e1lica consecutiva a fractura multifragmentada de b\u00f3veda craneana<\/p>\n","protected":false},"excerpt":{"rendered":"<p>UNA SUFRI\u00d3 QUEMADURAS POR UN RAYO Y OTRO FUE ATROPELLADO\u00a0<\/p>\n","protected":false},"author":93,"featured_media":0,"comment_status":"open","ping_status":"open","sticky":false,"template":"","format":"standard","meta":{"footnotes":""},"categories":[37],"tags":[],"class_list":["post-2144","post","type-post","status-publish","format-standard","hentry","category-barandilla"],"_links":{"self":[{"href":"https:\/\/plazajuarez.mx\/historico\/wp-json\/wp\/v2\/posts\/2144","targetHints":{"allow":["GET"]}}],"collection":[{"href":"https:\/\/plazajuarez.mx\/historico\/wp-json\/wp\/v2\/posts"}],"about":[{"href":"https:\/\/plazajuarez.mx\/historico\/wp-json\/wp\/v2\/types\/post"}],"author":[{"embeddable":true,"href":"https:\/\/plazajuarez.mx\/historico\/wp-json\/wp\/v2\/users\/93"}],"replies":[{"embeddable":true,"href":"https:\/\/plazajuarez.mx\/historico\/wp-json\/wp\/v2\/comments?post=2144"}],"version-history":[{"count":0,"href":"https:\/\/plazajuarez.mx\/historico\/wp-json\/wp\/v2\/posts\/2144\/revisions"}],"wp:attachment":[{"href":"https:\/\/plazajuarez.mx\/historico\/wp-json\/wp\/v2\/media?parent=2144"}],"wp:term":[{"taxonomy":"category","embeddable":true,"href":"https:\/\/plazajuarez.mx\/historico\/wp-json\/wp\/v2\/categories?post=2144"},{"taxonomy":"post_tag","embeddable":true,"href":"https:\/\/plazajuarez.mx\/historico\/wp-json\/wp\/v2\/tags?post=2144"}],"curies":[{"name":"wp","href":"https:\/\/api.w.org\/{rel}","templated":true}]}}