{"id":214261,"date":"2022-05-10T09:23:39","date_gmt":"2022-05-10T14:23:39","guid":{"rendered":"https:\/\/plazajuarez.mx\/?p=214261"},"modified":"2022-05-10T09:23:49","modified_gmt":"2022-05-10T14:23:49","slug":"conmemoran-en-hidalgo-el-dia-internacional-de-las-parteras","status":"publish","type":"post","link":"https:\/\/plazajuarez.mx\/historico\/conmemoran-en-hidalgo-el-dia-internacional-de-las-parteras\/","title":{"rendered":"Conmemoran en Hidalgo el D\u00eda\u00a0Internacional de las Parteras"},"content":{"rendered":"\n<p>El D\u00eda Internacional de las Parteras es un acontecimiento que destaca el papel tan importante que desempe\u00f1an en la atenci\u00f3n del embarazo en varias regiones de la entidad.<\/p>\n\n\n\n<p>De acuerdo a la Organizaci\u00f3n de las Naciones Unidas (ONU), fue a partir del 2003 que se dictamin\u00f3 esta celebraci\u00f3n como una manera de visualizar el papel que realizan las parteras en el \u201cayudar a nacer\u201d, particularmente en las localidades de dif\u00edcil acceso.<\/p>\n\n\n\n<p>En Hidalgo, el papel de las parteras tradicionales es fundamental en el cuidado de la madre y su hijo ya que su quehacer desde las comunidades, coadyuva a propiciar el acceso universal de mujeres y hombres en etapas pregestacionales, embarazo, parto, puerperio y neonatal, a servicios de calidad.<\/p>\n\n\n\n<p>La Secretar\u00eda de Salud de Hidalgo (SSH), a trav\u00e9s de la Direcci\u00f3n del Primer Nivel de Atenci\u00f3n y la Jurisdicci\u00f3n Sanitaria de Huejutla, en el marco de la celebraci\u00f3n del 10 de mayo y del D\u00eda de la Partera, realiza actividades en cada una de las Jurisdicciones Sanitarias.<\/p>\n\n\n\n<p>En Huejutla, se llevaron a cabo mesas de trabajo con parteras tradicionales y trabajadores de salud, quienes de manera conjunta, intercambiaron conocimientos en temas como: Detecci\u00f3n oportuna del embarazo, se\u00f1ales de alarma en los tres trimestres del embarazo, atenci\u00f3n del parto y puerperio.<\/p>\n\n\n\n<p>Tambi\u00e9n se habl\u00f3 de la implementaci\u00f3n en la atenci\u00f3n del parto vertical con calidad y calidez humana con respeto a las creencias y costumbres.<\/p>\n\n\n\n<p>Actualmente, se tiene un registro de 350 parteras tradicionales con presencia en Pachuca, Tulancingo, Tula, Ixmiquilpan, Actopan, Molango, Huejutla, Tizayuca, Otom\u00ed Tepehua, Tepeji, Atotonilco, Jacala, Zacualtipan y Huejutla, algunas hablan H\u00f1ah\u00f1u, N\u00e1huatl huasteco y de la Sierra Otom\u00ed y Tepehua.<\/p>\n\n\n\n<p>De enero a la fecha han atendido 80 partos y 84 puerperios controlados: cuatro de ellas se atendieron en otro lugar.<\/p>\n\n\n\n<p>Para la SSH la coordinaci\u00f3n de la labor que se realiza es fundamental por lo que se trabaja de manera acordada en la formaci\u00f3n de nuevas generaciones de parteras, pues desde cortas edades muestran el inter\u00e9s por colaborar en esta labor en sus lugares de origen; como es el caso de la peque\u00f1a Yaretzy Lizbeth, quien a sus escasos 6 a\u00f1os de edad quiere seguir el ejemplo de su abuela Mar\u00eda Antonia Hern\u00e1ndez Hern\u00e1ndez, partera con muchos a\u00f1os de experiencia.<\/p>\n","protected":false},"excerpt":{"rendered":"<p>El D\u00eda Internacional de las Parteras es un acontecimiento que destaca el papel tan importante que desempe\u00f1an en la atenci\u00f3n del embarazo en varias regiones de la entidad. De acuerdo a la Organizaci\u00f3n de las Naciones Unidas (ONU), fue a partir del 2003 que se dictamin\u00f3 esta celebraci\u00f3n como una manera de visualizar el papel [&hellip;]<\/p>\n","protected":false},"author":93,"featured_media":214262,"comment_status":"closed","ping_status":"closed","sticky":false,"template":"","format":"standard","meta":{"footnotes":""},"categories":[59,2159],"tags":[],"class_list":["post-214261","post","type-post","status-publish","format-standard","has-post-thumbnail","hentry","category-general","category-noticias-de-hidalgo"],"_links":{"self":[{"href":"https:\/\/plazajuarez.mx\/historico\/wp-json\/wp\/v2\/posts\/214261","targetHints":{"allow":["GET"]}}],"collection":[{"href":"https:\/\/plazajuarez.mx\/historico\/wp-json\/wp\/v2\/posts"}],"about":[{"href":"https:\/\/plazajuarez.mx\/historico\/wp-json\/wp\/v2\/types\/post"}],"author":[{"embeddable":true,"href":"https:\/\/plazajuarez.mx\/historico\/wp-json\/wp\/v2\/users\/93"}],"replies":[{"embeddable":true,"href":"https:\/\/plazajuarez.mx\/historico\/wp-json\/wp\/v2\/comments?post=214261"}],"version-history":[{"count":0,"href":"https:\/\/plazajuarez.mx\/historico\/wp-json\/wp\/v2\/posts\/214261\/revisions"}],"wp:featuredmedia":[{"embeddable":true,"href":"https:\/\/plazajuarez.mx\/historico\/wp-json\/wp\/v2\/media\/214262"}],"wp:attachment":[{"href":"https:\/\/plazajuarez.mx\/historico\/wp-json\/wp\/v2\/media?parent=214261"}],"wp:term":[{"taxonomy":"category","embeddable":true,"href":"https:\/\/plazajuarez.mx\/historico\/wp-json\/wp\/v2\/categories?post=214261"},{"taxonomy":"post_tag","embeddable":true,"href":"https:\/\/plazajuarez.mx\/historico\/wp-json\/wp\/v2\/tags?post=214261"}],"curies":[{"name":"wp","href":"https:\/\/api.w.org\/{rel}","templated":true}]}}