{"id":2140,"date":"2015-03-12T06:00:00","date_gmt":"2015-03-12T06:00:00","guid":{"rendered":"http:\/\/plazajuarez.mx\/index\/index.php\/2015\/03\/12\/fallece-magda-guzman\/"},"modified":"2015-03-12T06:00:00","modified_gmt":"2015-03-12T06:00:00","slug":"fallece-magda-guzman","status":"publish","type":"post","link":"https:\/\/plazajuarez.mx\/historico\/fallece-magda-guzman\/","title":{"rendered":"Fallece Magda Guzm\u00e1n"},"content":{"rendered":"<p>Magda Guzm\u00e1n, quien falleci\u00f3 el d\u00eda de ayer a los 83 a\u00f1os, fue una actriz enorme, totalmente entregada a su profesi\u00f3n y sin egos de por medio, nos deja una gran ense\u00f1anza de amor, afirm\u00f3 su nieta Magda Karina.<\/p>\n<p>  <!--more-->  <\/p>\n<p>\u00a0<\/p>\n<p>&#8220;La actuaci\u00f3n siempre fue su vida. Yo la admir\u00e9 mucho, siempre la ve\u00eda tan natural en los escenarios, tan entregada, tan profesional. El ego nunca la estres\u00f3 porque nunca form\u00f3 parte de su vida, pues ella era humana, humilde, una persona m\u00e1gica&#8221; , destac\u00f3 la tambi\u00e9n actriz.<\/p>\n<p>Su abuela muri\u00f3 la madrugada de ayer en un hospital de la colonia Roma de esta ciudad, a causa de un paro cardiaco.<\/p>\n<p>Gozaba de buena salud, dijo, pero en septiembre de 2014 qued\u00f3 muy afectada tras la muerte de su hija Mirtha.<\/p>\n<p>&#8220;Desde entonces permanec\u00eda muy triste, se la pasaba dormida y hace una semana sent\u00eda que no pod\u00eda respirar bien, as\u00ed que la llevamos con el doctor, quien dio la orden de hospitalizarla el 5 de marzo debido a que su ritmo cardiaco estaba bajando&#8221; , explic\u00f3.<\/p>\n<p>Permaneci\u00f3 varios d\u00edas en el \u00e1rea de terapia intensiva. Los m\u00e9dicos sugirieron la colocaci\u00f3n de un marcapasos en apoyo a su coraz\u00f3n, pero al mismo tiempo, consideraron que por su edad no aguantar\u00eda la cirug\u00eda.<\/p>\n<p>&#8220;Adem\u00e1s, era muy arriesgado, pues ella fum\u00f3 durante muchos a\u00f1os y sus venitas estaban muy tapadas gracias al cigarrito. Incluso antier brome\u00f3 y le dijo al doctor que cuando fumaba siempre se sent\u00eda bien&#8221; , platic\u00f3 Magda Karina.<\/p>\n<p>La estrella del cine, teatro y televisi\u00f3n dej\u00f3 de respirar la ma\u00f1ana de este jueves, dijo. &#8220;Se qued\u00f3 profundamente dormida hasta que su coraz\u00f3n dej\u00f3 de latir. Se fue como los justos, llena de amor y rodeada de todos sus hijos, sus nietos y bisnietos&#8221; .<\/p>\n<p>Entre los proyectos que la actriz de telenovelas como &#8220;En nombre del amor&#8221; (2008) y &#8220;Rosa salvaje&#8221; (1987) deja pendientes est\u00e1n un viaje a Canad\u00e1 y Europa.<\/p>\n<p>&#8220;Mis hijos viven en Canad\u00e1 y en junio se graduar\u00e1 el de 21 a\u00f1os, su segundo bisnieto, as\u00ed que ir\u00edamos a Vancouver para estar presentes en la ceremonia. Mi abuela y yo ayer platic\u00e1bamos que despu\u00e9s de ah\u00ed viajar\u00edamos a Londres, Par\u00eds y Alemania. Incluso, lleg\u00f3 el pap\u00e1 de mis hijos y le dijo: \u2018ya tengo su boleto de avi\u00f3n&#8217;, y ella le respondi\u00f3 de buen humor: \u2018qu\u00e9 sinverg\u00fcenza eres'&#8221; .<\/p>\n<p>En lo laboral ten\u00eda planes de participar en una telenovela y al parecer comenzar\u00eda grabaciones en agosto pr\u00f3ximo.<\/p>\n<p>&#8220;Pero tristemente no podr\u00e1 concretarlo. Siempre fue una mujer muy inquieta, no pod\u00eda estar sin trabajar, vivi\u00f3 para su profesi\u00f3n, para su familia, para todos nosotros. Siempre habl\u00f3 de la vida, nunca de la muerte, platicaba sobre la felicidad, acerca de lo hermoso&#8221; , resalt\u00f3.<\/p>\n<p>En la sala 7 de una conocida agencia funeraria en esta ciudad, familiares y amigos de Magda Guzm\u00e1n velan su cuerpo que yace en un ata\u00fad de color claro. En la cabecera luce una imagen de ella en blanco y negro, que le fue tomada en su \u00e9poca de juventud.<\/p>\n<p>Se prev\u00e9 que en el transcurso de la tarde-noche lleguen conocidos de ciudades como M\u00e9rida, Tampico y Guadalajara para darle el \u00faltimo adi\u00f3s.<\/p>\n<p>&#8220;Me gustar\u00eda que la recordaran como una mujer que siempre brind\u00f3 una sonrisa y ayuda a quienes la necesitaron. Ella am\u00f3 much\u00edsimo y fue completamente amada. Fue un ser maravilloso, lleno de amor y de luz&#8221; .<\/p>\n<p>Magda Karina, su nieta mayor, tambi\u00e9n agradeci\u00f3 las muestras de cari\u00f1o que el p\u00fablico y amistades del gremio art\u00edstico han expresado hacia su abuela a trav\u00e9s de las redes sociales. Incluso, le han escrito fans desde Macedonia, Brasil, Espa\u00f1a, Italia, Francia, Alemania y Rumania.<\/p>\n<p>&#8220;Gracias por tanto amor, los bendigo a todos y les agradezco todo su cari\u00f1o&#8221; , subray\u00f3 la actriz, quien dio a conocer que el cuerpo de Magda Guzm\u00e1n ser\u00e1 velado hasta las 13:00 horas del viernes y despu\u00e9s ser\u00e1 cremado en atenci\u00f3n a su \u00faltima voluntad.<\/p>\n<p>El d\u00eda de ayer se celebr\u00f3 una misa en la Parroquia Esperanza de Mar\u00eda en la Resurrecci\u00f3n del Se\u00f1or.<\/p>\n<p>Inform\u00f3 que sus cenizas reposar\u00e1n en una iglesia a\u00fan por definirse, pues ella siempre quiso quedar en un lugar as\u00ed.<\/p>\n<p>A Magda Guzm\u00e1n le sobreviven tres hijos de cuatro que tuvo: Karina, Gerardo y Carlos. As\u00ed como sus nietas Magda Karina, Josiane, Mariana y ocho bisnietos: Kathian, Christopher, Alex, Casandra, Natalia, Romina, Alexa y Gabriel.<\/p>\n<p>\u00a0<\/p>\n<p>\u00a0<\/p>\n<p>\u00a0<\/p>\n<p>\u00a0<\/p>\n","protected":false},"excerpt":{"rendered":"<p>Magda Guzm\u00e1n, quien falleci\u00f3 el d\u00eda de ayer a los 83 a\u00f1os, fue una actriz enorme, totalmente entregada a su profesi\u00f3n y sin egos de por medio, nos deja una gran ense\u00f1anza de amor, afirm\u00f3 su nieta Magda Karina.<\/p>\n","protected":false},"author":93,"featured_media":0,"comment_status":"open","ping_status":"open","sticky":false,"template":"","format":"standard","meta":{"footnotes":""},"categories":[38],"tags":[],"class_list":["post-2140","post","type-post","status-publish","format-standard","hentry","category-show"],"_links":{"self":[{"href":"https:\/\/plazajuarez.mx\/historico\/wp-json\/wp\/v2\/posts\/2140","targetHints":{"allow":["GET"]}}],"collection":[{"href":"https:\/\/plazajuarez.mx\/historico\/wp-json\/wp\/v2\/posts"}],"about":[{"href":"https:\/\/plazajuarez.mx\/historico\/wp-json\/wp\/v2\/types\/post"}],"author":[{"embeddable":true,"href":"https:\/\/plazajuarez.mx\/historico\/wp-json\/wp\/v2\/users\/93"}],"replies":[{"embeddable":true,"href":"https:\/\/plazajuarez.mx\/historico\/wp-json\/wp\/v2\/comments?post=2140"}],"version-history":[{"count":0,"href":"https:\/\/plazajuarez.mx\/historico\/wp-json\/wp\/v2\/posts\/2140\/revisions"}],"wp:attachment":[{"href":"https:\/\/plazajuarez.mx\/historico\/wp-json\/wp\/v2\/media?parent=2140"}],"wp:term":[{"taxonomy":"category","embeddable":true,"href":"https:\/\/plazajuarez.mx\/historico\/wp-json\/wp\/v2\/categories?post=2140"},{"taxonomy":"post_tag","embeddable":true,"href":"https:\/\/plazajuarez.mx\/historico\/wp-json\/wp\/v2\/tags?post=2140"}],"curies":[{"name":"wp","href":"https:\/\/api.w.org\/{rel}","templated":true}]}}