{"id":213956,"date":"2022-05-07T09:46:43","date_gmt":"2022-05-07T14:46:43","guid":{"rendered":"https:\/\/plazajuarez.mx\/?p=213956"},"modified":"2022-05-07T09:46:56","modified_gmt":"2022-05-07T14:46:56","slug":"los-reclusos-encuentran-en-el-dibujo-una-forma-de-liberar-su-alma","status":"publish","type":"post","link":"https:\/\/plazajuarez.mx\/historico\/los-reclusos-encuentran-en-el-dibujo-una-forma-de-liberar-su-alma\/","title":{"rendered":"Los reclusos encuentran en el dibujo una forma de liberar su alma"},"content":{"rendered":"\n<p>(EFE).- Un l\u00e1piz o un pincel se pueden volver en instrumentos para liberar el alma de los reclusos de un centro de j\u00f3venes infractores en Bolivia que encontraron en el arte una forma de expresar aquellos sentimientos que no pueden con palabras y a su vez trabajar en su reinserci\u00f3n para tener una &#8220;segunda oportunidad&#8221;.<\/p>\n\n\n\n<p>Se trata de &#8220;pinceles de Qalauma&#8221;, una exposici\u00f3n que muestra medio centenar de obras que realizaron unos 40 j\u00f3venes reclusos en un taller de 15 d\u00edas para conocer varias t\u00e9cnicas de dibujo y as\u00ed expresar sus sentimientos y emociones a trav\u00e9s de estos trazos.<\/p>\n\n\n\n<p>Los j\u00f3venes que se encuentran en el Centro de Rehabilitaci\u00f3n de Qalauma en la localidad de Viacha, a unos 30 kil\u00f3metros de La Paz, aprendieron sobre dibujo en grafito.<\/p>\n\n\n\n<p>Ellos conocieron aspectos como el uso de tonos, la luz, la sombra, las formas, primero de un jarr\u00f3n, luego de los animales y del cuerpo humano para luego ponerse manos a la obra y crear sus propios dibujos, cont\u00f3 a Efe el artista Jhony Pari, quien imparti\u00f3 el curso.<\/p>\n","protected":false},"excerpt":{"rendered":"<p>(EFE).- Un l\u00e1piz o un pincel se pueden volver en instrumentos para liberar el alma de los reclusos de un centro de j\u00f3venes infractores en Bolivia que encontraron en el arte una forma de expresar aquellos sentimientos que no pueden con palabras y a su vez trabajar en su reinserci\u00f3n para tener una &#8220;segunda oportunidad&#8221;. [&hellip;]<\/p>\n","protected":false},"author":80,"featured_media":213957,"comment_status":"closed","ping_status":"closed","sticky":false,"template":"","format":"standard","meta":{"footnotes":""},"categories":[41],"tags":[],"class_list":["post-213956","post","type-post","status-publish","format-standard","has-post-thumbnail","hentry","category-arteria-cultural"],"_links":{"self":[{"href":"https:\/\/plazajuarez.mx\/historico\/wp-json\/wp\/v2\/posts\/213956","targetHints":{"allow":["GET"]}}],"collection":[{"href":"https:\/\/plazajuarez.mx\/historico\/wp-json\/wp\/v2\/posts"}],"about":[{"href":"https:\/\/plazajuarez.mx\/historico\/wp-json\/wp\/v2\/types\/post"}],"author":[{"embeddable":true,"href":"https:\/\/plazajuarez.mx\/historico\/wp-json\/wp\/v2\/users\/80"}],"replies":[{"embeddable":true,"href":"https:\/\/plazajuarez.mx\/historico\/wp-json\/wp\/v2\/comments?post=213956"}],"version-history":[{"count":0,"href":"https:\/\/plazajuarez.mx\/historico\/wp-json\/wp\/v2\/posts\/213956\/revisions"}],"wp:featuredmedia":[{"embeddable":true,"href":"https:\/\/plazajuarez.mx\/historico\/wp-json\/wp\/v2\/media\/213957"}],"wp:attachment":[{"href":"https:\/\/plazajuarez.mx\/historico\/wp-json\/wp\/v2\/media?parent=213956"}],"wp:term":[{"taxonomy":"category","embeddable":true,"href":"https:\/\/plazajuarez.mx\/historico\/wp-json\/wp\/v2\/categories?post=213956"},{"taxonomy":"post_tag","embeddable":true,"href":"https:\/\/plazajuarez.mx\/historico\/wp-json\/wp\/v2\/tags?post=213956"}],"curies":[{"name":"wp","href":"https:\/\/api.w.org\/{rel}","templated":true}]}}