{"id":213937,"date":"2022-05-07T09:34:01","date_gmt":"2022-05-07T14:34:01","guid":{"rendered":"https:\/\/plazajuarez.mx\/?p=213937"},"modified":"2022-05-07T09:34:13","modified_gmt":"2022-05-07T14:34:13","slug":"reportaron-la-desaparicion-de-una-joven-de-20-anos-y-de-una-menor-de-edad","status":"publish","type":"post","link":"https:\/\/plazajuarez.mx\/historico\/reportaron-la-desaparicion-de-una-joven-de-20-anos-y-de-una-menor-de-edad\/","title":{"rendered":"Reportaron la desaparici\u00f3n de una joven de 20 a\u00f1os y de una menor de edad"},"content":{"rendered":"\n<p>Familiares de dos mujeres acudieron a la Procuradur\u00eda General de Justicia del estado de Hidalgo, para denunciar la desaparici\u00f3n de ambas y solicitaron apoyo de autoridades y la ciudadan\u00eda en general, para dar con su localizaci\u00f3n, ya que temen que puedan ser v\u00edctimas de un delito.<\/p>\n\n\n\n<p>En el primer caso se activ\u00f3 la Ficha de B\u00fasqueda con la finalidad de localizar a Viridiana Moreno Hern\u00e1ndez de 20 a\u00f1os de edad, a quien se le vio por \u00faltima vez al salir de su casa ubicada en el municipio de Tulancingo el 02 de mayo de 2022 y desde entonces se desconoce su paradero.&nbsp;<\/p>\n\n\n\n<figure class=\"wp-block-image size-full\"><img loading=\"lazy\" decoding=\"async\" width=\"956\" height=\"1280\" src=\"https:\/\/plazajuarez.mx\/historico\/historico\/wp-content\/uploads\/2022\/05\/Reportaron-la-desaparicio\u0301n-de-una-joven-de-20-an\u0303os-y-una-menor-de-edad-2.jpeg\" alt=\"\" class=\"wp-image-213939\" srcset=\"https:\/\/plazajuarez.mx\/historico\/wp-content\/uploads\/2022\/05\/Reportaron-la-desaparicio\u0301n-de-una-joven-de-20-an\u0303os-y-una-menor-de-edad-2.jpeg 956w, https:\/\/plazajuarez.mx\/historico\/wp-content\/uploads\/2022\/05\/Reportaron-la-desaparicio\u0301n-de-una-joven-de-20-an\u0303os-y-una-menor-de-edad-2-768x1028.jpeg 768w\" sizes=\"auto, (max-width: 956px) 100vw, 956px\" \/><\/figure>\n\n\n\n<p>As\u00ed mismo se pide la difusi\u00f3n de la Ficha de B\u00fasqueda que se emiti\u00f3 en favor de Iveth Maceda Rojas de 16 a\u00f1os, a quien se le vio por \u00faltima vez en Apan, el 05 de mayo de 2022 y se le considera como a una persona no localizada.<\/p>\n\n\n\n<figure class=\"wp-block-image size-full\"><img loading=\"lazy\" decoding=\"async\" width=\"964\" height=\"1280\" src=\"https:\/\/plazajuarez.mx\/historico\/historico\/wp-content\/uploads\/2022\/05\/Reportaron-la-desaparicio\u0301n-de-una-joven-de-20-an\u0303os-y-una-menor-de-edad-1.jpeg\" alt=\"\" class=\"wp-image-213938\" srcset=\"https:\/\/plazajuarez.mx\/historico\/wp-content\/uploads\/2022\/05\/Reportaron-la-desaparicio\u0301n-de-una-joven-de-20-an\u0303os-y-una-menor-de-edad-1.jpeg 964w, https:\/\/plazajuarez.mx\/historico\/wp-content\/uploads\/2022\/05\/Reportaron-la-desaparicio\u0301n-de-una-joven-de-20-an\u0303os-y-una-menor-de-edad-1-768x1020.jpeg 768w\" sizes=\"auto, (max-width: 964px) 100vw, 964px\" \/><\/figure>\n","protected":false},"excerpt":{"rendered":"<p>Familiares de dos mujeres acudieron a la Procuradur\u00eda General de Justicia del estado de Hidalgo, para denunciar la desaparici\u00f3n de ambas y solicitaron apoyo de autoridades y la ciudadan\u00eda en general, para dar con su localizaci\u00f3n, ya que temen que puedan ser v\u00edctimas de un delito. En el primer caso se activ\u00f3 la Ficha de [&hellip;]<\/p>\n","protected":false},"author":93,"featured_media":213938,"comment_status":"closed","ping_status":"closed","sticky":false,"template":"","format":"standard","meta":{"footnotes":""},"categories":[37],"tags":[],"class_list":["post-213937","post","type-post","status-publish","format-standard","has-post-thumbnail","hentry","category-barandilla"],"_links":{"self":[{"href":"https:\/\/plazajuarez.mx\/historico\/wp-json\/wp\/v2\/posts\/213937","targetHints":{"allow":["GET"]}}],"collection":[{"href":"https:\/\/plazajuarez.mx\/historico\/wp-json\/wp\/v2\/posts"}],"about":[{"href":"https:\/\/plazajuarez.mx\/historico\/wp-json\/wp\/v2\/types\/post"}],"author":[{"embeddable":true,"href":"https:\/\/plazajuarez.mx\/historico\/wp-json\/wp\/v2\/users\/93"}],"replies":[{"embeddable":true,"href":"https:\/\/plazajuarez.mx\/historico\/wp-json\/wp\/v2\/comments?post=213937"}],"version-history":[{"count":0,"href":"https:\/\/plazajuarez.mx\/historico\/wp-json\/wp\/v2\/posts\/213937\/revisions"}],"wp:featuredmedia":[{"embeddable":true,"href":"https:\/\/plazajuarez.mx\/historico\/wp-json\/wp\/v2\/media\/213938"}],"wp:attachment":[{"href":"https:\/\/plazajuarez.mx\/historico\/wp-json\/wp\/v2\/media?parent=213937"}],"wp:term":[{"taxonomy":"category","embeddable":true,"href":"https:\/\/plazajuarez.mx\/historico\/wp-json\/wp\/v2\/categories?post=213937"},{"taxonomy":"post_tag","embeddable":true,"href":"https:\/\/plazajuarez.mx\/historico\/wp-json\/wp\/v2\/tags?post=213937"}],"curies":[{"name":"wp","href":"https:\/\/api.w.org\/{rel}","templated":true}]}}