{"id":213931,"date":"2022-05-07T09:29:13","date_gmt":"2022-05-07T14:29:13","guid":{"rendered":"https:\/\/plazajuarez.mx\/?p=213931"},"modified":"2022-05-07T09:29:25","modified_gmt":"2022-05-07T14:29:25","slug":"sujeto-fue-detenido-asalto-a-pasajeros","status":"publish","type":"post","link":"https:\/\/plazajuarez.mx\/historico\/sujeto-fue-detenido-asalto-a-pasajeros\/","title":{"rendered":"Sujeto fue detenido: asalt\u00f3 a pasajeros\u00a0"},"content":{"rendered":"\n<p>TIZAYUCA.- Elementos de la Secretar\u00eda de Seguridad P\u00fablica,y de Tr\u00e1nsito detuvieron a un sujeto de 46 a\u00f1os de edad, debido a que fue se\u00f1alado por asaltar a pasajeros de un autob\u00fas; les quit\u00f3 todas sus pertenencias de valor, la detenci\u00f3n se llev\u00f3 a cabo en el barrio de Cuxtitla.\u00a0<\/p>\n\n\n\n<p>Los uniformados recibieron un llamado al Centro de Comando y Control (C2), donde solicitaban su presencia para verificar el cami\u00f3n donde asaltaron a los pasajeros.&nbsp;<\/p>\n\n\n\n<p>Respecto a los hechos, los afectados narraron a las autoridades municipales que el malhechor, se levant\u00f3 de su lugar y amenaz\u00f3 a los pasajeros con groser\u00edas, posteriormente les indic\u00f3 que le dieran todo lo que trajeran de valor y despu\u00e9s baj\u00f3 del cami\u00f3n como si nada.&nbsp;<\/p>\n\n\n\n<p>Agentes policiales solicitaron una descripci\u00f3n del sujeto, y despu\u00e9s implementaron un operativo de b\u00fasqueda.&nbsp;<\/p>\n\n\n\n<p>Con la informaci\u00f3n proporcionada, los polic\u00edas municipales localizaron a quien responde al nombre de Gabriel &#8220;N&#8221;, quien se encontraba en el barrio de Cuxtitla; en la revisi\u00f3n que le realizaron de forma preventiva le encontraron un celular que era de uno de los pasajeros.&nbsp;<\/p>\n","protected":false},"excerpt":{"rendered":"<p>TIZAYUCA.- Elementos de la Secretar\u00eda de Seguridad P\u00fablica,y de Tr\u00e1nsito detuvieron a un sujeto de 46 a\u00f1os de edad, debido a que fue se\u00f1alado por asaltar a pasajeros de un autob\u00fas; les quit\u00f3 todas sus pertenencias de valor, la detenci\u00f3n se llev\u00f3 a cabo en el barrio de Cuxtitla.\u00a0 Los uniformados recibieron un llamado al [&hellip;]<\/p>\n","protected":false},"author":78,"featured_media":213932,"comment_status":"closed","ping_status":"closed","sticky":false,"template":"","format":"standard","meta":{"footnotes":""},"categories":[2159,40],"tags":[],"class_list":["post-213931","post","type-post","status-publish","format-standard","has-post-thumbnail","hentry","category-noticias-de-hidalgo","category-region"],"_links":{"self":[{"href":"https:\/\/plazajuarez.mx\/historico\/wp-json\/wp\/v2\/posts\/213931","targetHints":{"allow":["GET"]}}],"collection":[{"href":"https:\/\/plazajuarez.mx\/historico\/wp-json\/wp\/v2\/posts"}],"about":[{"href":"https:\/\/plazajuarez.mx\/historico\/wp-json\/wp\/v2\/types\/post"}],"author":[{"embeddable":true,"href":"https:\/\/plazajuarez.mx\/historico\/wp-json\/wp\/v2\/users\/78"}],"replies":[{"embeddable":true,"href":"https:\/\/plazajuarez.mx\/historico\/wp-json\/wp\/v2\/comments?post=213931"}],"version-history":[{"count":0,"href":"https:\/\/plazajuarez.mx\/historico\/wp-json\/wp\/v2\/posts\/213931\/revisions"}],"wp:featuredmedia":[{"embeddable":true,"href":"https:\/\/plazajuarez.mx\/historico\/wp-json\/wp\/v2\/media\/213932"}],"wp:attachment":[{"href":"https:\/\/plazajuarez.mx\/historico\/wp-json\/wp\/v2\/media?parent=213931"}],"wp:term":[{"taxonomy":"category","embeddable":true,"href":"https:\/\/plazajuarez.mx\/historico\/wp-json\/wp\/v2\/categories?post=213931"},{"taxonomy":"post_tag","embeddable":true,"href":"https:\/\/plazajuarez.mx\/historico\/wp-json\/wp\/v2\/tags?post=213931"}],"curies":[{"name":"wp","href":"https:\/\/api.w.org\/{rel}","templated":true}]}}