{"id":213851,"date":"2022-05-06T12:15:54","date_gmt":"2022-05-06T17:15:54","guid":{"rendered":"https:\/\/plazajuarez.mx\/?p=213851"},"modified":"2022-05-06T12:45:04","modified_gmt":"2022-05-06T17:45:04","slug":"mujeres-tendran-contacto-directo-con-la-gobernadora-a-traves-del-telefono-naranja-carolina-viggiano","status":"publish","type":"post","link":"https:\/\/plazajuarez.mx\/historico\/mujeres-tendran-contacto-directo-con-la-gobernadora-a-traves-del-telefono-naranja-carolina-viggiano\/","title":{"rendered":"Mujeres tendr\u00e1n contacto directo con la gobernadora a trav\u00e9s del tel\u00e9fono naranja: Carolina Viggiano"},"content":{"rendered":"\n<p>Las mujeres de Hidalgo no estar\u00e1n solas, tendr\u00e1n contacto directo con la gobernadora, a trav\u00e9s del tel\u00e9fono naranja, donde podr\u00e1n denunciar cualquier tipo de violencia, sin que sean revictimizadas.<\/p>\n\n\n\n<p>As\u00ed lo dio a conocer la candidata de la alianza Va por Hidalgo, Carolina Viggiano Austria, al reunirse con la militancia de los partidos pol\u00edticos que conforman la coalici\u00f3n (PAN-PRI-PRD) en el municipio de Mineral del Monte.&nbsp;<\/p>\n\n\n\n<p>&#8220;Voy a tener mi tel\u00e9fono naranja, para que las mujeres que sufren violencia me lo digan a mi, y puedan ser atendidas de manera oportuna en el ministerio p\u00fablico. A mi me dir\u00e1n si sufren acoso sexual o laboral o cualquier tipo de violencia y tomar\u00e9 cartas en el asunto&#8221;, afirm\u00f3.&nbsp;<\/p>\n\n\n\n<p>Viggiano Austria mencion\u00f3 que durante su gobierno ser\u00e1n construidos m\u00e1s centros de justicia y empoderamiento para las mujeres, donde podr\u00e1n acudir quienes sufran violencia de todo tipo y con ello evitar tr\u00e1mites burocr\u00e1ticos.&nbsp;<\/p>\n\n\n\n<p>&#8220;Ni una m\u00e1s, ni una menos porque ninguna tiene que desaparecer; Caro las va a proteger, porque se hacer modelos de protecci\u00f3n exitosos y si funcionan. Necesitamos protegerlas de la violencia&#8221;, puntualiz\u00f3.&nbsp;<\/p>\n\n\n\n<p>En el auditorio municipal, la candidata aliancista mencion\u00f3 que para hacer realidad dicha estrategia, debe replicarse a m\u00e1s personas. Por eso les pidi\u00f3 a los asistentes compartir el mensaje entre los habitantes del municipio.<\/p>\n\n\n\n<p>Por otra parte, Carolina Viggiano afirm\u00f3 que Mineral del Monte, necesita un nuevo impulso en materia tur\u00edstica y en su gobierno tendr\u00e1n una aliada para lograrlo.&nbsp;<\/p>\n\n\n\n<p>Tras la desaparici\u00f3n del presupuesto para Pueblos M\u00e1gicos, la abanderada del PAN-PRI-PRD, se comprometi\u00f3 a gestionar recursos para mantener el impulso turistico que coloque a Hidalgo en el epicentro del pa\u00eds.&nbsp;<\/p>\n\n\n\n<p>Finalmente, record\u00f3 que el concreto estampado de la calle principal del municipio fue gestionado por ella cuando era diputada federal por el distrito de Huejutla.<\/p>\n","protected":false},"excerpt":{"rendered":"<p>Las mujeres de Hidalgo no estar\u00e1n solas, tendr\u00e1n contacto directo con la gobernadora, a trav\u00e9s del tel\u00e9fono naranja, donde podr\u00e1n denunciar cualquier tipo de violencia, sin que sean revictimizadas. As\u00ed lo dio a conocer la candidata de la alianza Va por Hidalgo, Carolina Viggiano Austria, al reunirse con la militancia de los partidos pol\u00edticos que [&hellip;]<\/p>\n","protected":false},"author":93,"featured_media":213852,"comment_status":"closed","ping_status":"closed","sticky":false,"template":"","format":"standard","meta":{"footnotes":""},"categories":[2373,15,59],"tags":[],"class_list":["post-213851","post","type-post","status-publish","format-standard","has-post-thumbnail","hentry","category-campanas-2022","category-destacadas","category-general"],"_links":{"self":[{"href":"https:\/\/plazajuarez.mx\/historico\/wp-json\/wp\/v2\/posts\/213851","targetHints":{"allow":["GET"]}}],"collection":[{"href":"https:\/\/plazajuarez.mx\/historico\/wp-json\/wp\/v2\/posts"}],"about":[{"href":"https:\/\/plazajuarez.mx\/historico\/wp-json\/wp\/v2\/types\/post"}],"author":[{"embeddable":true,"href":"https:\/\/plazajuarez.mx\/historico\/wp-json\/wp\/v2\/users\/93"}],"replies":[{"embeddable":true,"href":"https:\/\/plazajuarez.mx\/historico\/wp-json\/wp\/v2\/comments?post=213851"}],"version-history":[{"count":0,"href":"https:\/\/plazajuarez.mx\/historico\/wp-json\/wp\/v2\/posts\/213851\/revisions"}],"wp:featuredmedia":[{"embeddable":true,"href":"https:\/\/plazajuarez.mx\/historico\/wp-json\/wp\/v2\/media\/213852"}],"wp:attachment":[{"href":"https:\/\/plazajuarez.mx\/historico\/wp-json\/wp\/v2\/media?parent=213851"}],"wp:term":[{"taxonomy":"category","embeddable":true,"href":"https:\/\/plazajuarez.mx\/historico\/wp-json\/wp\/v2\/categories?post=213851"},{"taxonomy":"post_tag","embeddable":true,"href":"https:\/\/plazajuarez.mx\/historico\/wp-json\/wp\/v2\/tags?post=213851"}],"curies":[{"name":"wp","href":"https:\/\/api.w.org\/{rel}","templated":true}]}}