{"id":213745,"date":"2022-05-05T12:24:03","date_gmt":"2022-05-05T17:24:03","guid":{"rendered":"https:\/\/plazajuarez.mx\/?p=213745"},"modified":"2022-05-05T12:24:18","modified_gmt":"2022-05-05T17:24:18","slug":"dia-del-nino-en-la-cineteca","status":"publish","type":"post","link":"https:\/\/plazajuarez.mx\/historico\/dia-del-nino-en-la-cineteca\/","title":{"rendered":"D\u00eda del ni\u00f1o en la Cineteca"},"content":{"rendered":"\n<h2 class=\"wp-block-heading\">CINE DE HOY<\/h2>\n\n\n\n<p class=\"wp-block-paragraph\">Tradicionalmente la Cineteca Nacional programa los fines de semana matin\u00e9s infantiles en alguna de sus salas. En esta ocasi\u00f3n el D\u00eda del Ni\u00f1o coincidi\u00f3 con esas fechas por lo que se a\u00f1adi\u00f3 otra matin\u00e9, pero decidimos ver El malvado zorro feroz y otros cuentos de los franceses Patrick Imbert y Benjamin Renner, que result\u00f3 toda una delicia de dibujos animados.<\/p>\n\n\n\n<p class=\"wp-block-paragraph\">El filme realizado en el 2017, est\u00e1 basado en una novela gr\u00e1fica de Benjam\u00edn Renner y tiene tres historias.<\/p>\n\n\n\n<p class=\"wp-block-paragraph\">La primera de ellas dirigida por el propio Imbert narra la historia de tres amigos, un sensato cerdito (Damien Witecka) y los alocados pato (Kamel Abdessadock) y conejo (Antoine Schoumsky), que se ofrecen entregar a un beb\u00e9 a sus padres.<\/p>\n\n\n\n<p class=\"wp-block-paragraph\">La segunda de Renner, narra la historia de un zorro temeroso (Guillaume Darnault), que incapaz de comerse a una gallina, se roba tres huevos, y la cosa se complica cuando al nacer los polluelos lo confunden con su madre, por lo que debe de defenderlos del lobo feroz (Boris Rehlinger).<\/p>\n\n\n\n<p class=\"wp-block-paragraph\">En la tercera historia, regresan los simp\u00e1ticos personajes de la primera, que tratan de salvar la Navidad, luego de que creen haber matado a Papa Noel.<\/p>\n\n\n\n<p class=\"wp-block-paragraph\">Se trata de la \u00f3pera prima de Imbert que tras el \u00e9xito obtenido acaba de filmar La cumbre de los dioses.<\/p>\n\n\n\n<p class=\"wp-block-paragraph\">Los dibujos est\u00e1n muy bien hechos y los personajes son entra\u00f1ables.<\/p>\n\n\n\n<p class=\"wp-block-paragraph\">Le gran merchant renard et autres contes resulta pues un divertido filme que lo remontar\u00e1 a su ni\u00f1ez y que hay que apurarse a ver cuando se anuncie.&nbsp;<\/p>\n","protected":false},"excerpt":{"rendered":"<p>CINE DE HOY Tradicionalmente la Cineteca Nacional programa los fines de semana matin\u00e9s infantiles en alguna de sus salas. En esta ocasi\u00f3n el D\u00eda del Ni\u00f1o coincidi\u00f3 con esas fechas por lo que se a\u00f1adi\u00f3 otra matin\u00e9, pero decidimos ver El malvado zorro feroz y otros cuentos de los franceses Patrick Imbert y Benjamin Renner, [&hellip;]<\/p>\n","protected":false},"author":96,"featured_media":213746,"comment_status":"closed","ping_status":"closed","sticky":false,"template":"","format":"standard","meta":{"footnotes":""},"categories":[41,54,42],"tags":[],"class_list":["post-213745","post","type-post","status-publish","format-standard","has-post-thumbnail","hentry","category-arteria-cultural","category-jorge-carrasco","category-nuestrapalabra"],"_links":{"self":[{"href":"https:\/\/plazajuarez.mx\/historico\/wp-json\/wp\/v2\/posts\/213745","targetHints":{"allow":["GET"]}}],"collection":[{"href":"https:\/\/plazajuarez.mx\/historico\/wp-json\/wp\/v2\/posts"}],"about":[{"href":"https:\/\/plazajuarez.mx\/historico\/wp-json\/wp\/v2\/types\/post"}],"author":[{"embeddable":true,"href":"https:\/\/plazajuarez.mx\/historico\/wp-json\/wp\/v2\/users\/96"}],"replies":[{"embeddable":true,"href":"https:\/\/plazajuarez.mx\/historico\/wp-json\/wp\/v2\/comments?post=213745"}],"version-history":[{"count":0,"href":"https:\/\/plazajuarez.mx\/historico\/wp-json\/wp\/v2\/posts\/213745\/revisions"}],"wp:featuredmedia":[{"embeddable":true,"href":"https:\/\/plazajuarez.mx\/historico\/wp-json\/wp\/v2\/media\/213746"}],"wp:attachment":[{"href":"https:\/\/plazajuarez.mx\/historico\/wp-json\/wp\/v2\/media?parent=213745"}],"wp:term":[{"taxonomy":"category","embeddable":true,"href":"https:\/\/plazajuarez.mx\/historico\/wp-json\/wp\/v2\/categories?post=213745"},{"taxonomy":"post_tag","embeddable":true,"href":"https:\/\/plazajuarez.mx\/historico\/wp-json\/wp\/v2\/tags?post=213745"}],"curies":[{"name":"wp","href":"https:\/\/api.w.org\/{rel}","templated":true}]}}