{"id":213730,"date":"2022-05-05T11:24:07","date_gmt":"2022-05-05T16:24:07","guid":{"rendered":"https:\/\/plazajuarez.mx\/?p=213730"},"modified":"2022-05-05T11:36:00","modified_gmt":"2022-05-05T16:36:00","slug":"lo-vinculan-a-proceso-por-abuso-sexual-a-una-menor","status":"publish","type":"post","link":"https:\/\/plazajuarez.mx\/historico\/lo-vinculan-a-proceso-por-abuso-sexual-a-una-menor\/","title":{"rendered":"Lo vinculan a proceso por abuso sexual a una menor"},"content":{"rendered":"\n<p class=\"wp-block-paragraph\">Tras presentar datos de prueba recabados en indagatorias iniciales, una agente del Ministerio P\u00fablico de la Subprocuradur\u00eda de delitos de g\u00e9nero, desaparici\u00f3n de personas e impacto social, obtuvo de la autoridad judicial la vinculaci\u00f3n a proceso para una persona por abuso sexual.<\/p>\n\n\n\n<p class=\"wp-block-paragraph\">Los hechos por los que Ismael \u201cN\u201d es investigado por esta representaci\u00f3n social, tuvieron lugar en un domicilio en el Fraccionamiento Aquiles Serd\u00e1n, en Pachuca de Soto, el pasado 01 de enero, cuando una persona menor de edad fue agredida sexualmente.<\/p>\n\n\n\n<p class=\"wp-block-paragraph\">Una vez que la Procuradur\u00eda General de Justicia del Estado de Hidalgo (PGJEH) tuvo conocimiento de lo ocurrido a trav\u00e9s de la denuncia, brind\u00f3 atenci\u00f3n multidisciplinaria a la v\u00edctima, e inici\u00f3 la carpeta de investigaci\u00f3n por los hechos antes mencionados.<\/p>\n\n\n\n<p class=\"wp-block-paragraph\">La autoridad ministerial a cargo de las pesquisas reuni\u00f3 los datos de prueba contra el probable, identificado como Ismael \u201cN\u201d y los present\u00f3 ante una jueza de control.<\/p>\n","protected":false},"excerpt":{"rendered":"<p>Tras presentar datos de prueba recabados en indagatorias iniciales, una agente del Ministerio P\u00fablico de la Subprocuradur\u00eda de delitos de g\u00e9nero, desaparici\u00f3n de personas e impacto social, obtuvo de la autoridad judicial la vinculaci\u00f3n a proceso para una persona por abuso sexual. Los hechos por los que Ismael \u201cN\u201d es investigado por esta representaci\u00f3n social, [&hellip;]<\/p>\n","protected":false},"author":93,"featured_media":213734,"comment_status":"closed","ping_status":"closed","sticky":false,"template":"","format":"standard","meta":{"footnotes":""},"categories":[37],"tags":[],"class_list":["post-213730","post","type-post","status-publish","format-standard","has-post-thumbnail","hentry","category-barandilla"],"_links":{"self":[{"href":"https:\/\/plazajuarez.mx\/historico\/wp-json\/wp\/v2\/posts\/213730","targetHints":{"allow":["GET"]}}],"collection":[{"href":"https:\/\/plazajuarez.mx\/historico\/wp-json\/wp\/v2\/posts"}],"about":[{"href":"https:\/\/plazajuarez.mx\/historico\/wp-json\/wp\/v2\/types\/post"}],"author":[{"embeddable":true,"href":"https:\/\/plazajuarez.mx\/historico\/wp-json\/wp\/v2\/users\/93"}],"replies":[{"embeddable":true,"href":"https:\/\/plazajuarez.mx\/historico\/wp-json\/wp\/v2\/comments?post=213730"}],"version-history":[{"count":0,"href":"https:\/\/plazajuarez.mx\/historico\/wp-json\/wp\/v2\/posts\/213730\/revisions"}],"wp:featuredmedia":[{"embeddable":true,"href":"https:\/\/plazajuarez.mx\/historico\/wp-json\/wp\/v2\/media\/213734"}],"wp:attachment":[{"href":"https:\/\/plazajuarez.mx\/historico\/wp-json\/wp\/v2\/media?parent=213730"}],"wp:term":[{"taxonomy":"category","embeddable":true,"href":"https:\/\/plazajuarez.mx\/historico\/wp-json\/wp\/v2\/categories?post=213730"},{"taxonomy":"post_tag","embeddable":true,"href":"https:\/\/plazajuarez.mx\/historico\/wp-json\/wp\/v2\/tags?post=213730"}],"curies":[{"name":"wp","href":"https:\/\/api.w.org\/{rel}","templated":true}]}}