{"id":213727,"date":"2022-05-05T11:23:31","date_gmt":"2022-05-05T16:23:31","guid":{"rendered":"https:\/\/plazajuarez.mx\/?p=213727"},"modified":"2022-05-05T11:36:14","modified_gmt":"2022-05-05T16:36:14","slug":"clausuran-almacenes-y-aseguran-madera","status":"publish","type":"post","link":"https:\/\/plazajuarez.mx\/historico\/clausuran-almacenes-y-aseguran-madera\/","title":{"rendered":"Clausuran almacenes y aseguran madera"},"content":{"rendered":"\n<p class=\"wp-block-paragraph\">Con operativo para el combate a il\u00edcitos forestales, en Acaxochitl\u00e1n, Agua Blanca y Metepec, se logr\u00f3 la clausura de dos almacenes, adem\u00e1s de que se decomis\u00f3 madera, de la cual los presuntos propietarios no acreditaron su posesi\u00f3n legal.<\/p>\n\n\n\n<p class=\"wp-block-paragraph\">Se dio a conocer que personal de Profepa Hidalgo, en colaboraci\u00f3n con Guardia Nacional y la Agencia de Seguridad Estatal, implementaron dispositivo para detectar irregularidades por tala de madera en los municipios ya descritos.<\/p>\n\n\n\n<p class=\"wp-block-paragraph\">Fue as\u00ed como se clausuraron dos Centros de Almacenamiento de Transformaci\u00f3n de Materias Primas Forestales, ya que no presentaron la documentaci\u00f3n necesaria.<\/p>\n\n\n\n<p class=\"wp-block-paragraph\">As\u00ed mismo personal que particip\u00f3 en la movilizaci\u00f3n asegur\u00f3 49m\u00b3 de madera de diferentes tipos, ello porque quienes manifestaron ser los propietarios&nbsp; indicaron no contar con las autorizaciones correspondientes.<\/p>\n\n\n\n<p class=\"wp-block-paragraph\">Durante el desarrollo del operativo de combate a los il\u00edcitos forestales se instalaron filtros de revisi\u00f3n vehicular en las entradas y las salidas de los municipios.<\/p>\n","protected":false},"excerpt":{"rendered":"<p>Con operativo para el combate a il\u00edcitos forestales, en Acaxochitl\u00e1n, Agua Blanca y Metepec, se logr\u00f3 la clausura de dos almacenes, adem\u00e1s de que se decomis\u00f3 madera, de la cual los presuntos propietarios no acreditaron su posesi\u00f3n legal. Se dio a conocer que personal de Profepa Hidalgo, en colaboraci\u00f3n con Guardia Nacional y la Agencia [&hellip;]<\/p>\n","protected":false},"author":93,"featured_media":213732,"comment_status":"closed","ping_status":"closed","sticky":false,"template":"","format":"standard","meta":{"footnotes":""},"categories":[37],"tags":[],"class_list":["post-213727","post","type-post","status-publish","format-standard","has-post-thumbnail","hentry","category-barandilla"],"_links":{"self":[{"href":"https:\/\/plazajuarez.mx\/historico\/wp-json\/wp\/v2\/posts\/213727","targetHints":{"allow":["GET"]}}],"collection":[{"href":"https:\/\/plazajuarez.mx\/historico\/wp-json\/wp\/v2\/posts"}],"about":[{"href":"https:\/\/plazajuarez.mx\/historico\/wp-json\/wp\/v2\/types\/post"}],"author":[{"embeddable":true,"href":"https:\/\/plazajuarez.mx\/historico\/wp-json\/wp\/v2\/users\/93"}],"replies":[{"embeddable":true,"href":"https:\/\/plazajuarez.mx\/historico\/wp-json\/wp\/v2\/comments?post=213727"}],"version-history":[{"count":0,"href":"https:\/\/plazajuarez.mx\/historico\/wp-json\/wp\/v2\/posts\/213727\/revisions"}],"wp:featuredmedia":[{"embeddable":true,"href":"https:\/\/plazajuarez.mx\/historico\/wp-json\/wp\/v2\/media\/213732"}],"wp:attachment":[{"href":"https:\/\/plazajuarez.mx\/historico\/wp-json\/wp\/v2\/media?parent=213727"}],"wp:term":[{"taxonomy":"category","embeddable":true,"href":"https:\/\/plazajuarez.mx\/historico\/wp-json\/wp\/v2\/categories?post=213727"},{"taxonomy":"post_tag","embeddable":true,"href":"https:\/\/plazajuarez.mx\/historico\/wp-json\/wp\/v2\/tags?post=213727"}],"curies":[{"name":"wp","href":"https:\/\/api.w.org\/{rel}","templated":true}]}}