{"id":213638,"date":"2022-05-04T13:38:30","date_gmt":"2022-05-04T18:38:30","guid":{"rendered":"https:\/\/plazajuarez.mx\/?p=213638"},"modified":"2022-05-04T13:38:40","modified_gmt":"2022-05-04T18:38:40","slug":"guatemala_amlo","status":"publish","type":"post","link":"https:\/\/plazajuarez.mx\/historico\/guatemala_amlo\/","title":{"rendered":"El presidente de M\u00e9xico inicia en Guatemala una gira oficial por Centroam\u00e9rica"},"content":{"rendered":"\n<p>El presidente de M\u00e9xico, Andr\u00e9s Manuel L\u00f3pez Obrador, llega este jueves a Guatemala, en el inicio de su primera gira oficial por Centroam\u00e9rica, para discutir asuntos de seguridad fronteriza y de migraci\u00f3n con los mandatarios.<\/p>\n\n\n\n<p>Seg\u00fan el embajador mexicano, Romero Ruiz, la visita, que incluir\u00e1 parte del viernes, ratifica la importancia que M\u00e9xico da a las relaciones con Guatemala, principal frontera sur y destino de sus exportaciones con los pa\u00edses centroamericano.<\/p>\n\n\n\n<p>L\u00f3pez Obrador tiene previsto arribar en horas de la tarde jueves a la capital guatemalteca para entrevistarse con el presidente Alejandro Giammattei, y de este pa\u00eds partir\u00e1 a El Salvador, la segunda escala de su gira por la regi\u00f3n, que tambi\u00e9n lo llevar\u00e1 a Honduras, Belice y despu\u00e9s a Cuba.<\/p>\n\n\n\n<p>Ruiz manifest\u00f3 en un bolet\u00edn distribuido por la misi\u00f3n diplom\u00e1tica que la visita del mandatario mexicano ser\u00e1 la oportunidad para revisar temas de inter\u00e9s com\u00fan en materia migratoria, econ\u00f3mica y de cooperaci\u00f3n en el marco del Plan de Desarrollo integral que impulsa su pa\u00eds junto a la comunidad internacional.<\/p>\n\n\n\n<p>TEMAS DE AGENDA<\/p>\n\n\n\n<p>Adem\u00e1s de la seguridad fronteriza y la migraci\u00f3n, Giammattei y L\u00f3pez Obrador analizar\u00e1n la posibilidad de abrir un nuevo consulado mexicano, la interconexi\u00f3n ferrovaria y la agilizaci\u00f3n de los tr\u00e1mites aduaneros, seg\u00fan fuentes diplom\u00e1ticas.<\/p>\n\n\n\n<p>Tambi\u00e9n discutir\u00e1n la apertura de nuevos cruces fronterizo que permitan colocar la relaci\u00f3n bilateral a los retos que representa el siglo XXI.<\/p>\n\n\n\n<p>Para M\u00e9xico, Guatemala representa su puerta de acceso a Centroam\u00e9rica y se prev\u00e9 que la visita de su presidente deje resultados positivos, ademas del fortalecimiento de la amistad y la confianza entre los dos pa\u00edses que han firmado m\u00e1s de 40 acuerdos bilaterales.<\/p>\n\n\n\n<p>El mercado mexicano se encuentra entre uno de los principales destinos de las exportaciones de Guatemala, que en 2021 vendi\u00f3 productos a ese pa\u00eds por 592 millones de d\u00f3lares, pero las importaciones superaron los 2.800 millones de d\u00f3lares.<\/p>\n\n\n\n<p>Mientras que la Inversi\u00f3n Extranjera Directa (IED) de M\u00e9xico alcanz\u00f3 el a\u00f1o pasado casi los 200 millones de d\u00f3lares.<\/p>\n","protected":false},"excerpt":{"rendered":"<p>El presidente de M\u00e9xico, Andr\u00e9s Manuel L\u00f3pez Obrador, llega este jueves a Guatemala, en el inicio de su primera gira oficial por Centroam\u00e9rica, para discutir asuntos de seguridad fronteriza y de migraci\u00f3n con los mandatarios. Seg\u00fan el embajador mexicano, Romero Ruiz, la visita, que incluir\u00e1 parte del viernes, ratifica la importancia que M\u00e9xico da a [&hellip;]<\/p>\n","protected":false},"author":80,"featured_media":213639,"comment_status":"closed","ping_status":"closed","sticky":false,"template":"","format":"standard","meta":{"footnotes":""},"categories":[15,36],"tags":[144],"class_list":["post-213638","post","type-post","status-publish","format-standard","has-post-thumbnail","hentry","category-destacadas","category-nacion","tag-amlo"],"_links":{"self":[{"href":"https:\/\/plazajuarez.mx\/historico\/wp-json\/wp\/v2\/posts\/213638","targetHints":{"allow":["GET"]}}],"collection":[{"href":"https:\/\/plazajuarez.mx\/historico\/wp-json\/wp\/v2\/posts"}],"about":[{"href":"https:\/\/plazajuarez.mx\/historico\/wp-json\/wp\/v2\/types\/post"}],"author":[{"embeddable":true,"href":"https:\/\/plazajuarez.mx\/historico\/wp-json\/wp\/v2\/users\/80"}],"replies":[{"embeddable":true,"href":"https:\/\/plazajuarez.mx\/historico\/wp-json\/wp\/v2\/comments?post=213638"}],"version-history":[{"count":0,"href":"https:\/\/plazajuarez.mx\/historico\/wp-json\/wp\/v2\/posts\/213638\/revisions"}],"wp:featuredmedia":[{"embeddable":true,"href":"https:\/\/plazajuarez.mx\/historico\/wp-json\/wp\/v2\/media\/213639"}],"wp:attachment":[{"href":"https:\/\/plazajuarez.mx\/historico\/wp-json\/wp\/v2\/media?parent=213638"}],"wp:term":[{"taxonomy":"category","embeddable":true,"href":"https:\/\/plazajuarez.mx\/historico\/wp-json\/wp\/v2\/categories?post=213638"},{"taxonomy":"post_tag","embeddable":true,"href":"https:\/\/plazajuarez.mx\/historico\/wp-json\/wp\/v2\/tags?post=213638"}],"curies":[{"name":"wp","href":"https:\/\/api.w.org\/{rel}","templated":true}]}}