{"id":213562,"date":"2022-05-03T15:42:26","date_gmt":"2022-05-03T20:42:26","guid":{"rendered":"https:\/\/plazajuarez.mx\/?p=213562"},"modified":"2022-05-03T15:42:35","modified_gmt":"2022-05-03T20:42:35","slug":"linea_12","status":"publish","type":"post","link":"https:\/\/plazajuarez.mx\/historico\/linea_12\/","title":{"rendered":"Afectados de accidente de metro en M\u00e9xico piden justicia un a\u00f1o despu\u00e9s"},"content":{"rendered":"\n<p> Familiares de v\u00edctimas y afectados por el accidente de la l\u00ednea 12 del metro de la Ciudad de M\u00e9xico acudieron este martes a la zona cero de la tragedia, en el suroriente de la ciudad, donde colocaron varias coronas de flores por el aniversario de la tragedia y reclamaron justicia y reparaci\u00f3n del da\u00f1o.<\/p>\n\n\n\n<p>&#8220;No hay palabras para expresar en el d\u00eda de hoy. No hay nada que repare la vida de los familiares, la vida de mi hijo. Lo que queremos es evitar que el d\u00eda de ma\u00f1ana pase otra desgracia c\u00f3mo esta, pero al Gobierno se le olvida que somos seres humano&#8221;, dijo durante el acto Marisol Tapia, madre de Brandon Giovanni, menor fallecido en el colapso del metro.<\/p>\n\n\n\n<p>Tapia forma parte de un grupo de v\u00edctimas que no est\u00e1 conforme con lo ofrecido por las autoridades capitalinas para un acuerdo reparatorio.<\/p>\n\n\n\n<p>El 3 de mayo de 2021 un puente elevado de la l\u00ednea 12, en la alcald\u00eda Tl\u00e1huac de la capital mexicana, se derrumb\u00f3 lo que provoc\u00f3 que un vag\u00f3n cayera sobre una vialidad entre las estaciones de Olivos y Tezonco -en Tl\u00e1huac, suroriente de la ciudad- quedando encallado en forma de &#8220;V&#8221;, accidente que dej\u00f3 26 muertos y un centenar de heridos.<\/p>\n\n\n\n<p>Sin embargo, un a\u00f1o despu\u00e9s del accidente no hay personas encarceladas por el hecho, aunque uno de los investigados es Enrique Horcasitas, quien trabaj\u00f3 en la gesti\u00f3n del ahora canciller Marcelo Ebrard, entonces jefe de Gobierno del Distrito Federal (2006-2012), y los primeros dos a\u00f1os de la Administraci\u00f3n de Miguel \u00c1ngel Mancera (2012-2018), ahora senador de oposici\u00f3n.<\/p>\n\n\n\n<p>Ernestina Godoy, titular de la Fiscal\u00eda General de Justicia de la Ciudad de M\u00e9xico, dijo el lunes que este d\u00eda buscar\u00edan imputar a 10 presuntos culpables del accidente y comparti\u00f3 que se hab\u00eda alcanzado un acuerdo reparatorio &#8220;hist\u00f3rico&#8221; con el 90 % de las v\u00edctimas.<\/p>\n\n\n\n<p>&#8220;Es f\u00e1cil decir que falta nada m\u00e1s el 10 %, pero \u00bfpor qu\u00e9 no dicen por qu\u00e9 faltamos?&#8221;, explic\u00f3 a Efe Nancy Ram\u00edrez, quien sufre las secuelas de dos fracturas de cadera y una lesi\u00f3n en la columna que le impiden caminar con soltura, por lo que utiliza un bast\u00f3n.<\/p>\n\n\n\n<p>Seg\u00fan explic\u00f3, este lunes tuvieron la que en teor\u00eda ser\u00e1 la \u00faltima audiencia y estuvieron esperando durante horas. &#8220;Cuando saben que no podemos estar muchas horas de pie&#8221;, dijo. &#8220;\u00bfPara qui\u00e9n va a ser la ley, para los responsables o para nosotros?&#8221;, sentenci\u00f3.<\/p>\n\n\n\n<p>Por \u00faltimo, los afectados presentes aseguraron que la l\u00ednea 12 debe demolerse, a pesar de que los trabajos est\u00e1n en marcha y se planea que terminen a finales de 2022.<\/p>\n","protected":false},"excerpt":{"rendered":"<p>Familiares de v\u00edctimas y afectados por el accidente de la l\u00ednea 12 del metro de la Ciudad de M\u00e9xico acudieron este martes a la zona cero de la tragedia, en el suroriente de la ciudad, donde colocaron varias coronas de flores por el aniversario de la tragedia y reclamaron justicia y reparaci\u00f3n del da\u00f1o. &#8220;No [&hellip;]<\/p>\n","protected":false},"author":80,"featured_media":213563,"comment_status":"closed","ping_status":"closed","sticky":false,"template":"","format":"standard","meta":{"footnotes":""},"categories":[15,36],"tags":[],"class_list":["post-213562","post","type-post","status-publish","format-standard","has-post-thumbnail","hentry","category-destacadas","category-nacion"],"_links":{"self":[{"href":"https:\/\/plazajuarez.mx\/historico\/wp-json\/wp\/v2\/posts\/213562","targetHints":{"allow":["GET"]}}],"collection":[{"href":"https:\/\/plazajuarez.mx\/historico\/wp-json\/wp\/v2\/posts"}],"about":[{"href":"https:\/\/plazajuarez.mx\/historico\/wp-json\/wp\/v2\/types\/post"}],"author":[{"embeddable":true,"href":"https:\/\/plazajuarez.mx\/historico\/wp-json\/wp\/v2\/users\/80"}],"replies":[{"embeddable":true,"href":"https:\/\/plazajuarez.mx\/historico\/wp-json\/wp\/v2\/comments?post=213562"}],"version-history":[{"count":0,"href":"https:\/\/plazajuarez.mx\/historico\/wp-json\/wp\/v2\/posts\/213562\/revisions"}],"wp:featuredmedia":[{"embeddable":true,"href":"https:\/\/plazajuarez.mx\/historico\/wp-json\/wp\/v2\/media\/213563"}],"wp:attachment":[{"href":"https:\/\/plazajuarez.mx\/historico\/wp-json\/wp\/v2\/media?parent=213562"}],"wp:term":[{"taxonomy":"category","embeddable":true,"href":"https:\/\/plazajuarez.mx\/historico\/wp-json\/wp\/v2\/categories?post=213562"},{"taxonomy":"post_tag","embeddable":true,"href":"https:\/\/plazajuarez.mx\/historico\/wp-json\/wp\/v2\/tags?post=213562"}],"curies":[{"name":"wp","href":"https:\/\/api.w.org\/{rel}","templated":true}]}}