{"id":213559,"date":"2022-05-03T15:39:03","date_gmt":"2022-05-03T20:39:03","guid":{"rendered":"https:\/\/plazajuarez.mx\/?p=213559"},"modified":"2022-05-03T15:39:11","modified_gmt":"2022-05-03T20:39:11","slug":"sabel_huitron","status":"publish","type":"post","link":"https:\/\/plazajuarez.mx\/historico\/sabel_huitron\/","title":{"rendered":"SABEL HUITR\u00d3N REPITE HAZA\u00d1A DE ORO EN JUEGOS SORDOL\u00cdMPICOS"},"content":{"rendered":"\n<p>Mar\u00eda Isabel Huitr\u00f3n \u00c1ngeles ha vuelto a escribir su nombre con letras de oro en la historia del deporte nacional, luego de repetir medalla de oro en Judo en los Juegos Sordol\u00edmpicos Caxias Do Sul 2021.<\/p>\n\n\n\n<p>Nuestra abanderada nacional lleg\u00f3 a Brasil con la gran misi\u00f3n de refrendar el hist\u00f3rico logr\u00f3 que consigui\u00f3 en Samsun, Turqu\u00eda 2017, d\u00f3nde gan\u00f3 la primera medalla de oro para M\u00e9xico y la primera presea de la disciplina en Juegos Sordol\u00edmpicos.<\/p>\n\n\n\n<p>Tras una destacada actuaci\u00f3n, Isabel Huitr\u00f3n sali\u00f3 victoriosa de sus cuatro duelos correspondientes a la categor\u00eda -48 Kg, en los que se enfrent\u00f3 a Kazajst\u00e1n, Ghana, Korea y Ucrania, lo cual le vali\u00f3 para volver a posicionarse en lo m\u00e1s alto del podium sordol\u00edmpico.<\/p>\n\n\n\n<p>Con este metal, M\u00e9xico se estrena en el medallero de Caxias Do Sul 2021, a su vez que suma su s\u00e9ptima medalla en la historia de la justa, repartidas en 3 de bronce, 2 de plata y 2 de oro, siendo estas \u00faltimas cortes\u00eda de Huitr\u00f3n.<\/p>\n\n\n\n<p>El trabajo y los \u00e9xitos de Isabel Huitr\u00f3n tienen el respaldo y entrega profesional a cargo de su entrenador Daniel Granados Calder\u00f3n, a qui\u00e9n mencion\u00f3 en sus primeras reacciones tras obtener la presea aurea: &#8220;Muy contenta, muy feliz. Muchas gracias a todas las personas que me han apoyado, a la Federaci\u00f3n Mexicana de Sordos, la Asociaci\u00f3n, Directivos, a mi entrenador por supuesto tengo mucho que agradecer [\u2026] Yo siempre lo he dicho &#8216;vamos por el oro&#8217; y una vez que lo confirmas, lo llamas, lo atraes y aqu\u00ed estamos de nuevo&#8221;<\/p>\n\n\n\n<p>Isabel con esta nueva haza\u00f1a, suma a su palmar\u00e9s y curr\u00edculum deportivo doble oro sordol\u00edmpico (2017 y 2022), as\u00ed como el mismo metal en el Campeonato Mundial Versalles 2021 en Francia y el Premio Nacional de Deportes 2017.<\/p>\n\n\n\n<p>&#8220;Muchas personas me han dicho &#8216;no te sientas comprometida con M\u00e9xico&#8217; y yo digo &#8216;claro que me siento comprometida&#8217; pero sobretodo me siento comprometida conmigo misma porque yo me propongo muchas cosas, para m\u00ed nada es suficiente&#8221;, finaliz\u00f3 nuestra medallista, dejando claro que hoy su labor y entrega, nuevamente se convierten en un ejemplo a seguir por parte de muchas j\u00f3venes, mujeres y la comunidad sorda.<\/p>\n","protected":false},"excerpt":{"rendered":"<p>Mar\u00eda Isabel Huitr\u00f3n \u00c1ngeles ha vuelto a escribir su nombre con letras de oro en la historia del deporte nacional, luego de repetir medalla de oro en Judo en los Juegos Sordol\u00edmpicos Caxias Do Sul 2021. Nuestra abanderada nacional lleg\u00f3 a Brasil con la gran misi\u00f3n de refrendar el hist\u00f3rico logr\u00f3 que consigui\u00f3 en Samsun, [&hellip;]<\/p>\n","protected":false},"author":93,"featured_media":213560,"comment_status":"closed","ping_status":"closed","sticky":false,"template":"","format":"standard","meta":{"footnotes":""},"categories":[39,15],"tags":[],"class_list":["post-213559","post","type-post","status-publish","format-standard","has-post-thumbnail","hentry","category-deportiva","category-destacadas"],"_links":{"self":[{"href":"https:\/\/plazajuarez.mx\/historico\/wp-json\/wp\/v2\/posts\/213559","targetHints":{"allow":["GET"]}}],"collection":[{"href":"https:\/\/plazajuarez.mx\/historico\/wp-json\/wp\/v2\/posts"}],"about":[{"href":"https:\/\/plazajuarez.mx\/historico\/wp-json\/wp\/v2\/types\/post"}],"author":[{"embeddable":true,"href":"https:\/\/plazajuarez.mx\/historico\/wp-json\/wp\/v2\/users\/93"}],"replies":[{"embeddable":true,"href":"https:\/\/plazajuarez.mx\/historico\/wp-json\/wp\/v2\/comments?post=213559"}],"version-history":[{"count":0,"href":"https:\/\/plazajuarez.mx\/historico\/wp-json\/wp\/v2\/posts\/213559\/revisions"}],"wp:featuredmedia":[{"embeddable":true,"href":"https:\/\/plazajuarez.mx\/historico\/wp-json\/wp\/v2\/media\/213560"}],"wp:attachment":[{"href":"https:\/\/plazajuarez.mx\/historico\/wp-json\/wp\/v2\/media?parent=213559"}],"wp:term":[{"taxonomy":"category","embeddable":true,"href":"https:\/\/plazajuarez.mx\/historico\/wp-json\/wp\/v2\/categories?post=213559"},{"taxonomy":"post_tag","embeddable":true,"href":"https:\/\/plazajuarez.mx\/historico\/wp-json\/wp\/v2\/tags?post=213559"}],"curies":[{"name":"wp","href":"https:\/\/api.w.org\/{rel}","templated":true}]}}