{"id":213554,"date":"2022-05-03T15:30:35","date_gmt":"2022-05-03T20:30:35","guid":{"rendered":"https:\/\/plazajuarez.mx\/?p=213554"},"modified":"2022-05-03T15:34:34","modified_gmt":"2022-05-03T20:34:34","slug":"julio-menchaca-2","status":"publish","type":"post","link":"https:\/\/plazajuarez.mx\/historico\/julio-menchaca-2\/","title":{"rendered":"<strong>Julio Menchaca firma acuerdo para fortalecer el campo hidalguense<\/strong>"},"content":{"rendered":"\n<p>Julio Menchaca Salazar, candidato com\u00fan a la gubernatura de Hidalgo por Morena, Partido Nueva Alianza Hidalgo (PNAH) y Partido del Trabajo (PT), estableci\u00f3 un compromiso con las mujeres y hombres del campo hidalguense, durante un encuentro realizado en el municipio de Mixquiahuala de Ju\u00e1rez.<\/p>\n\n\n\n<p>El abanderado de \u201cJuntos Hacemos Historia\u201d sign\u00f3 un acuerdo ante agrupaciones campesinas para fortalecer al sector agr\u00edcola.<\/p>\n\n\n\n<p>\u201cPero aparte de firmar un documento, hacemos un compromiso de destinar los recursos de manera correcta para un sector tan desprotegido, tan humillado, tan abandonado como es el campo\u201d, afirm\u00f3.<\/p>\n\n\n\n<p>Asimismo, destac\u00f3 que durante su carrera profesional ha tenido la oportunidad de ser representante del estado en instituciones que apoyaban y respaldaban al campo.<\/p>\n\n\n\n<p>\u201cTuve la oportunidad de servir en el Banco de Cr\u00e9dito Rural, en la Aseguradora Agr\u00edcola y Ganadera, en la Comisi\u00f3n Nacional de Zonas \u00c1ridas, fui representante del estado en los distritos de desarrollo, por eso conozco el campo y las problem\u00e1ticas que padecen, y conozco tambi\u00e9n la pobreza y la miseria que acompa\u00f1an a esta actividad\u201d, enumer\u00f3 Julio Menchaca.<\/p>\n\n\n\n<p>Se\u00f1al\u00f3 que los socios comerciales de M\u00e9xico, particularmente Estados Unidos y Canad\u00e1, implementan pol\u00edticas dirigidas a los campesinos para que sigan con su actividad.<\/p>\n\n\n\n<p>El aspirante a gobernador manifest\u00f3 que \u201clos agricultores de Estados Unidos y Canad\u00e1 no tienen que estar buscando, ellos y sus hijos, irse a otras ciudades, porque tienen la perspectiva de futuro, se pueden dedicar a lo mismo, con bienestar y con respaldo del estado\u201d.<\/p>\n\n\n\n<p>En cambio, dijo, durante los \u00faltimos a\u00f1os se han destruido los apoyos y se ha optado por importar alimentos, mientras en el campo mexicano sigue habiendo las mismas necesidades en las comunidades agr\u00edcolas.<\/p>\n\n\n\n<p>Menchaca Salazar asever\u00f3 que es momento de poner un alto a ese futuro de intranquilidad en la actividad agropecuaria, pues las y los productores padecen la falta de agua o el exceso de lluvias, o cuando logran el cultivo viene una plaga; cuando se obtiene una buena producci\u00f3n el precio se cae y se repite el escenario de decepci\u00f3n, de infortunio y de pobreza.<\/p>\n\n\n\n<p>Finalmente, puntualiz\u00f3 que las pol\u00edticas p\u00fablicas deben estar encaminadas a fortalecer al campo, afianzar la actividad agroindustrial para darle valor agregado a los productos, acercar insumos como la maquinaria moderna y abrir los mercados para posibilitar la comercializaci\u00f3n correcta.<\/p>\n\n\n\n<p>Por su parte, Antonio Salim Sald\u00edvar, dirigente de El Barz\u00f3n en Hidalgo, sostuvo ante Julio Menchaca que las y los campesinos le van a mostrar su apoyo el pr\u00f3ximo 5 de junio y lo van a llevar a la gubernatura.<\/p>\n\n\n\n<p>Asimismo, extern\u00f3: \u201cEl sector campesino de este pa\u00eds ya tiene que dejar de ser asistencialista, tiene que pasar a ser el sector econ\u00f3mico y de negocios. Ya no podemos pensar en un campo que est\u00e9 formado para recibir apoyos, tenemos que pensar en un campo en donde los productores, por el simple hecho de producir, tengan utilidades para poder vivir con dignidad\u201d.<\/p>\n","protected":false},"excerpt":{"rendered":"<p>Julio Menchaca Salazar, candidato com\u00fan a la gubernatura de Hidalgo por Morena, Partido Nueva Alianza Hidalgo (PNAH) y Partido del Trabajo (PT), estableci\u00f3 un compromiso con las mujeres y hombres del campo hidalguense, durante un encuentro realizado en el municipio de Mixquiahuala de Ju\u00e1rez. El abanderado de \u201cJuntos Hacemos Historia\u201d sign\u00f3 un acuerdo ante agrupaciones [&hellip;]<\/p>\n","protected":false},"author":93,"featured_media":213557,"comment_status":"closed","ping_status":"closed","sticky":false,"template":"","format":"standard","meta":{"footnotes":""},"categories":[2373,15,59],"tags":[],"class_list":["post-213554","post","type-post","status-publish","format-standard","has-post-thumbnail","hentry","category-campanas-2022","category-destacadas","category-general"],"_links":{"self":[{"href":"https:\/\/plazajuarez.mx\/historico\/wp-json\/wp\/v2\/posts\/213554","targetHints":{"allow":["GET"]}}],"collection":[{"href":"https:\/\/plazajuarez.mx\/historico\/wp-json\/wp\/v2\/posts"}],"about":[{"href":"https:\/\/plazajuarez.mx\/historico\/wp-json\/wp\/v2\/types\/post"}],"author":[{"embeddable":true,"href":"https:\/\/plazajuarez.mx\/historico\/wp-json\/wp\/v2\/users\/93"}],"replies":[{"embeddable":true,"href":"https:\/\/plazajuarez.mx\/historico\/wp-json\/wp\/v2\/comments?post=213554"}],"version-history":[{"count":0,"href":"https:\/\/plazajuarez.mx\/historico\/wp-json\/wp\/v2\/posts\/213554\/revisions"}],"wp:featuredmedia":[{"embeddable":true,"href":"https:\/\/plazajuarez.mx\/historico\/wp-json\/wp\/v2\/media\/213557"}],"wp:attachment":[{"href":"https:\/\/plazajuarez.mx\/historico\/wp-json\/wp\/v2\/media?parent=213554"}],"wp:term":[{"taxonomy":"category","embeddable":true,"href":"https:\/\/plazajuarez.mx\/historico\/wp-json\/wp\/v2\/categories?post=213554"},{"taxonomy":"post_tag","embeddable":true,"href":"https:\/\/plazajuarez.mx\/historico\/wp-json\/wp\/v2\/tags?post=213554"}],"curies":[{"name":"wp","href":"https:\/\/api.w.org\/{rel}","templated":true}]}}