{"id":213422,"date":"2022-05-02T14:38:07","date_gmt":"2022-05-02T19:38:07","guid":{"rendered":"https:\/\/plazajuarez.mx\/?p=213422"},"modified":"2022-05-02T14:46:43","modified_gmt":"2022-05-02T19:46:43","slug":"carolina_corrupcion","status":"publish","type":"post","link":"https:\/\/plazajuarez.mx\/historico\/carolina_corrupcion\/","title":{"rendered":"LA CORRUPCI\u00d3N NO TIENE QUE SEGUIR SIENDO EL PRETEXTO PARA RESOLVER LOS PROBLEMAS: CAROLINA VIGGIANO"},"content":{"rendered":"\n<p><\/p>\n\n\n\n<ul class=\"wp-block-list\"><li>El gobierno de Morena ya demostr\u00f3 que las cosas no han cambiado, que hoy hay m\u00e1s corrupci\u00f3n y no hay soluci\u00f3n a los problemas, se\u00f1al\u00f3 la candidata.<\/li><li>Particip\u00f3 el Foro de Presentaci\u00f3n de Propuestas de los candidatos a la gubernatura, organizado por el Tecnol\u00f3gico de Monterrey.<\/li><\/ul>\n\n\n\n<p>La corrupci\u00f3n no tiene que seguir siendo un pretexto para resolver los problemas, es una obligaci\u00f3n de los gobernantes combatirla y en Morena ya demostraron que hoy las cosas no cambian, hoy hay m\u00e1s corrupci\u00f3n y no hay soluci\u00f3n a los problemas, se\u00f1al\u00f3 la candidata de la Alianza Va por Hidalgo, Carolina Viggiano Austria.<\/p>\n\n\n\n<p>Se\u00f1al\u00f3 que su proyecto tiene propuestas claras y serias para fomentar el combate a la desigualdad, con bases importantes para hacerlo y por eso les pidi\u00f3 que el pr\u00f3ximo 5 de junio salgan a votar, que no se queden en casa, es la \u00fanica manera de que gane Hidalgo, porque hay que frenar a Morena que amenaza a la gente con quitarles apoyos y subsidios si no votan por ellos<\/p>\n\n\n\n<p>\u201cA las y los hidalguenses no se les puede amenazar, ustedes son libres, son rebeldes, vayan y platiquen con sus amigos, familiares y con los adultos y deseng\u00e1\u00f1enlos porque M\u00e9xico es de todos, es un pa\u00eds libre y debemos actuar con amor, no con rencor\u201d, enfatiz\u00f3.<\/p>\n\n\n\n<p>Durante el Foro de Presentaci\u00f3n de Propuestas de los candidatos a la gubernatura, organizado por el Tecnol\u00f3gico de Monterrey, campus Hidalgo, la candidata del PAN-PRI-PRD, llam\u00f3 a los asistentes a interesarse en revisar qui\u00e9n ha entregado las mejores cuentas durante su historia, qui\u00e9n tiene las mejores propuestas, pero tambi\u00e9n las mejores soluciones; qui\u00e9n se levanta temprano para trabajar, qui\u00e9n aprovecha todo el d\u00eda para hacerlo, porque de ese tama\u00f1o va a ser su desempe\u00f1o como titular del gobierno estatal.<\/p>\n\n\n\n<p>La candidata aliancista pidi\u00f3 a j\u00f3venes estudiantes que se vuelvan m\u00e1s participativos en temas p\u00fablicos y que en este proceso electoral revisen las historias de vida de los candidatos para poder tomar mejores decisiones a la hora de votar el pr\u00f3ximo 5 de junio donde se renovar\u00e1 el Poder Ejecutivo local.<\/p>\n\n\n\n<p>Advirti\u00f3 que, si un candidato desde ahora reh\u00faye al debate, a la presentaci\u00f3n de propuestas, soluciones y le reh\u00faye a confrontar sus ideas, cuando est\u00e9 en el gobierno se va a cerrar m\u00e1s a esa posibilidad. \u201cSi trabaja, va a ser trabajadora, pero si desde ahora no lo hace, no tiene por qu\u00e9 hacerlo despu\u00e9s\u201d, subray\u00f3.<\/p>\n\n\n\n<p>Sostuvo que su proyecto cuenta con las mejores propuestas mismas que ha presentado desde el primer minuto del primer d\u00eda de campa\u00f1a y agreg\u00f3 que a la fecha ha recorrido 60 municipios donde ha podido escuchar directamente de la gente sus demandas y peticiones.<\/p>\n\n\n\n<p>Dijo que, ante la decisi\u00f3n del gobierno federal de desaparecer el Instituto del Emprendedor y ProM\u00e9xico, dos instrumentos fundamentales para la promoci\u00f3n de nuestro pa\u00eds en el exterior, durante su administraci\u00f3n pondr\u00e1 en marcha un fondo especial de emprendedores tanto para j\u00f3venes como para mujeres, y tambi\u00e9n para el sector agroindustrial.<\/p>\n\n\n\n<p>\u201cCrearemos un Fondo que cuente con reglas claras, con transparencia, un buen fondo que permita recoger el talento y la experiencia de mucha gente que me he ido encontrando en el paso de estos d\u00edas y los a\u00f1os atr\u00e1s, que he escuchado a muchos de los sectores productivos, con ideas y con un gran talento y, sobre todo, con muchas ganas de salir adelante. Eso es lo que vamos a hacer\u201d, subray\u00f3.<\/p>\n\n\n\n<p>Por \u00faltimo, ofreci\u00f3 a los presentes tener di\u00e1logo directo y agradeci\u00f3 que le hayan entregado muy buenos proyectos y se dijo orgullosa del talento reflejado en los mismos, \u201cporque hoy se est\u00e1 decidiendo el presente y el futuro de nuestro querido estado\u201d, finaliz\u00f3.<\/p>\n","protected":false},"excerpt":{"rendered":"<p>El gobierno de Morena ya demostr\u00f3 que las cosas no han cambiado, que hoy hay m\u00e1s corrupci\u00f3n y no hay soluci\u00f3n a los problemas, se\u00f1al\u00f3 la candidata. Particip\u00f3 el Foro de Presentaci\u00f3n de Propuestas de los candidatos a la gubernatura, organizado por el Tecnol\u00f3gico de Monterrey. La corrupci\u00f3n no tiene que seguir siendo un pretexto [&hellip;]<\/p>\n","protected":false},"author":93,"featured_media":213423,"comment_status":"closed","ping_status":"closed","sticky":false,"template":"","format":"standard","meta":{"footnotes":""},"categories":[2373,15,59],"tags":[2179],"class_list":["post-213422","post","type-post","status-publish","format-standard","has-post-thumbnail","hentry","category-campanas-2022","category-destacadas","category-general","tag-campanas"],"_links":{"self":[{"href":"https:\/\/plazajuarez.mx\/historico\/wp-json\/wp\/v2\/posts\/213422","targetHints":{"allow":["GET"]}}],"collection":[{"href":"https:\/\/plazajuarez.mx\/historico\/wp-json\/wp\/v2\/posts"}],"about":[{"href":"https:\/\/plazajuarez.mx\/historico\/wp-json\/wp\/v2\/types\/post"}],"author":[{"embeddable":true,"href":"https:\/\/plazajuarez.mx\/historico\/wp-json\/wp\/v2\/users\/93"}],"replies":[{"embeddable":true,"href":"https:\/\/plazajuarez.mx\/historico\/wp-json\/wp\/v2\/comments?post=213422"}],"version-history":[{"count":0,"href":"https:\/\/plazajuarez.mx\/historico\/wp-json\/wp\/v2\/posts\/213422\/revisions"}],"wp:featuredmedia":[{"embeddable":true,"href":"https:\/\/plazajuarez.mx\/historico\/wp-json\/wp\/v2\/media\/213423"}],"wp:attachment":[{"href":"https:\/\/plazajuarez.mx\/historico\/wp-json\/wp\/v2\/media?parent=213422"}],"wp:term":[{"taxonomy":"category","embeddable":true,"href":"https:\/\/plazajuarez.mx\/historico\/wp-json\/wp\/v2\/categories?post=213422"},{"taxonomy":"post_tag","embeddable":true,"href":"https:\/\/plazajuarez.mx\/historico\/wp-json\/wp\/v2\/tags?post=213422"}],"curies":[{"name":"wp","href":"https:\/\/api.w.org\/{rel}","templated":true}]}}