{"id":213336,"date":"2022-05-02T09:30:08","date_gmt":"2022-05-02T14:30:08","guid":{"rendered":"https:\/\/plazajuarez.mx\/?p=213336"},"modified":"2022-05-02T09:30:18","modified_gmt":"2022-05-02T14:30:18","slug":"propone-diputado-tipificar-los-crimenes-de-odio","status":"publish","type":"post","link":"https:\/\/plazajuarez.mx\/historico\/propone-diputado-tipificar-los-crimenes-de-odio\/","title":{"rendered":"Propone diputado tipificar los cr\u00edmenes de odio"},"content":{"rendered":"\n<p>El diputado local de la fracci\u00f3n del partido Movimiento de Regeneraci\u00f3n Nacional (Morena),&nbsp; \u00c1ngel Tenorio Cruz, present\u00f3 una iniciativa con proyecto de decreto para tipificar como delito los denominados \u201ccr\u00edmenes de odio\u201d, que son cometidos contra poblaci\u00f3n vulnerable entre la que destac\u00f3 a la comunidad de la diversidad sexual.<\/p>\n\n\n\n<p>En su argumentaci\u00f3n, el diputado dijo que la reforma no solamente se centra en la esfera jur\u00eddica de las personas de la diversidad sexual, sino que tambi\u00e9n se propone una ampliaci\u00f3n hacia los sectores&nbsp; que han sido considerados como vulnerables.<\/p>\n\n\n\n<p>\u201cSe estima necesario prever en el C\u00f3digo Penal para el Estado de Hidalgo, que el\u00a0 homicidio y las lesiones sean calificadas cuando el sujeto activo los cometa por odio o por prejuicio hacia la v\u00edctima, con base en uno o m\u00e1s de los siguientes motivos: el origen \u00e9tnico o nacional, el color de la piel, la cultura, el sexo, el g\u00e9nero, la identidad o la expresi\u00f3n de g\u00e9nero, la edad, las discapacidades, la condici\u00f3n social, econ\u00f3mica, de salud o jur\u00eddica, la religi\u00f3n, la\u00a0 apariencia f\u00edsica y las caracter\u00edsticas gen\u00e9ticas\u201d.<\/p>\n","protected":false},"excerpt":{"rendered":"<p>El diputado local de la fracci\u00f3n del partido Movimiento de Regeneraci\u00f3n Nacional (Morena),&nbsp; \u00c1ngel Tenorio Cruz, present\u00f3 una iniciativa con proyecto de decreto para tipificar como delito los denominados \u201ccr\u00edmenes de odio\u201d, que son cometidos contra poblaci\u00f3n vulnerable entre la que destac\u00f3 a la comunidad de la diversidad sexual. En su argumentaci\u00f3n, el diputado dijo [&hellip;]<\/p>\n","protected":false},"author":72,"featured_media":213341,"comment_status":"closed","ping_status":"closed","sticky":false,"template":"","format":"standard","meta":{"footnotes":""},"categories":[15,59],"tags":[],"class_list":["post-213336","post","type-post","status-publish","format-standard","has-post-thumbnail","hentry","category-destacadas","category-general"],"_links":{"self":[{"href":"https:\/\/plazajuarez.mx\/historico\/wp-json\/wp\/v2\/posts\/213336","targetHints":{"allow":["GET"]}}],"collection":[{"href":"https:\/\/plazajuarez.mx\/historico\/wp-json\/wp\/v2\/posts"}],"about":[{"href":"https:\/\/plazajuarez.mx\/historico\/wp-json\/wp\/v2\/types\/post"}],"author":[{"embeddable":true,"href":"https:\/\/plazajuarez.mx\/historico\/wp-json\/wp\/v2\/users\/72"}],"replies":[{"embeddable":true,"href":"https:\/\/plazajuarez.mx\/historico\/wp-json\/wp\/v2\/comments?post=213336"}],"version-history":[{"count":0,"href":"https:\/\/plazajuarez.mx\/historico\/wp-json\/wp\/v2\/posts\/213336\/revisions"}],"wp:featuredmedia":[{"embeddable":true,"href":"https:\/\/plazajuarez.mx\/historico\/wp-json\/wp\/v2\/media\/213341"}],"wp:attachment":[{"href":"https:\/\/plazajuarez.mx\/historico\/wp-json\/wp\/v2\/media?parent=213336"}],"wp:term":[{"taxonomy":"category","embeddable":true,"href":"https:\/\/plazajuarez.mx\/historico\/wp-json\/wp\/v2\/categories?post=213336"},{"taxonomy":"post_tag","embeddable":true,"href":"https:\/\/plazajuarez.mx\/historico\/wp-json\/wp\/v2\/tags?post=213336"}],"curies":[{"name":"wp","href":"https:\/\/api.w.org\/{rel}","templated":true}]}}