{"id":213161,"date":"2022-04-30T07:37:18","date_gmt":"2022-04-30T12:37:18","guid":{"rendered":"https:\/\/plazajuarez.mx\/?p=213161"},"modified":"2022-04-30T07:37:25","modified_gmt":"2022-04-30T12:37:25","slug":"lanzan-convocatoria-para-educadores","status":"publish","type":"post","link":"https:\/\/plazajuarez.mx\/historico\/lanzan-convocatoria-para-educadores\/","title":{"rendered":"Lanzan convocatoria para educadores\u00a0"},"content":{"rendered":"\n<p class=\"wp-block-paragraph\">Servicios de Inclusi\u00f3n Integral de Derechos Humanos A.C. (SEIINAC) convoca a profesionistas de cualquier disciplina y a personas mayores de 15 a\u00f1os a participar como educadores en el \u201cCachiverano 2022\u201d, que es un campamento dirigido a la infancia, y en \u00e9l ni\u00f1as y ni\u00f1os aprender\u00e1n sobre Derechos Humanos, mientras realizan actividades l\u00fadicas.<\/p>\n\n\n\n<p class=\"wp-block-paragraph\">El primer requisito para participar ser\u00e1 llenar el registro que aparece en la siguiente liga: <a href=\"https:\/\/forms.gle\/6dNqA5q8PP2G1GYc9\">https:\/\/forms.gle\/6dNqA5q8PP2G1GYc9<\/a>, tras ello, los interesados seleccionados deber\u00e1n acudir a una entrevista presencial que se llevar\u00e1 a cabo en las instalaciones de SEIINAC en la 1era Cerrada de Galeana 101, Colonia Centro, Pachuca; Hgo.<br>En caso de completar positivamente los pasos anteriores, se deber\u00e1 asistir al campamento de formaci\u00f3n y capacitaci\u00f3n en la Ci\u00e9nega, Tulancingo, los d\u00edas 15, 16 y 17 de julio, \u00e9ste tiene un costo de $1500 e incluye todos los materiales a utilizar, alimentos y transporte.<\/p>\n\n\n\n<p class=\"wp-block-paragraph\">El \u201cCachiverano 2022\u201d se realizar\u00e1 del 08 al 26 de agosto en un horario de 09:00 a 13:00 horas, cada uno de los educadores que participen en \u00e9l podr\u00e1n obtener una beca.<\/p>\n","protected":false},"excerpt":{"rendered":"<p>Servicios de Inclusi\u00f3n Integral de Derechos Humanos A.C. (SEIINAC) convoca a profesionistas de cualquier disciplina y a personas mayores de 15 a\u00f1os a participar como educadores en el \u201cCachiverano 2022\u201d, que es un campamento dirigido a la infancia, y en \u00e9l ni\u00f1as y ni\u00f1os aprender\u00e1n sobre Derechos Humanos, mientras realizan actividades l\u00fadicas. El primer requisito [&hellip;]<\/p>\n","protected":false},"author":93,"featured_media":213162,"comment_status":"closed","ping_status":"closed","sticky":false,"template":"","format":"standard","meta":{"footnotes":""},"categories":[59,2159],"tags":[],"class_list":["post-213161","post","type-post","status-publish","format-standard","has-post-thumbnail","hentry","category-general","category-noticias-de-hidalgo"],"_links":{"self":[{"href":"https:\/\/plazajuarez.mx\/historico\/wp-json\/wp\/v2\/posts\/213161","targetHints":{"allow":["GET"]}}],"collection":[{"href":"https:\/\/plazajuarez.mx\/historico\/wp-json\/wp\/v2\/posts"}],"about":[{"href":"https:\/\/plazajuarez.mx\/historico\/wp-json\/wp\/v2\/types\/post"}],"author":[{"embeddable":true,"href":"https:\/\/plazajuarez.mx\/historico\/wp-json\/wp\/v2\/users\/93"}],"replies":[{"embeddable":true,"href":"https:\/\/plazajuarez.mx\/historico\/wp-json\/wp\/v2\/comments?post=213161"}],"version-history":[{"count":0,"href":"https:\/\/plazajuarez.mx\/historico\/wp-json\/wp\/v2\/posts\/213161\/revisions"}],"wp:featuredmedia":[{"embeddable":true,"href":"https:\/\/plazajuarez.mx\/historico\/wp-json\/wp\/v2\/media\/213162"}],"wp:attachment":[{"href":"https:\/\/plazajuarez.mx\/historico\/wp-json\/wp\/v2\/media?parent=213161"}],"wp:term":[{"taxonomy":"category","embeddable":true,"href":"https:\/\/plazajuarez.mx\/historico\/wp-json\/wp\/v2\/categories?post=213161"},{"taxonomy":"post_tag","embeddable":true,"href":"https:\/\/plazajuarez.mx\/historico\/wp-json\/wp\/v2\/tags?post=213161"}],"curies":[{"name":"wp","href":"https:\/\/api.w.org\/{rel}","templated":true}]}}