{"id":213158,"date":"2022-04-30T07:36:07","date_gmt":"2022-04-30T12:36:07","guid":{"rendered":"https:\/\/plazajuarez.mx\/?p=213158"},"modified":"2022-04-30T07:36:18","modified_gmt":"2022-04-30T12:36:18","slug":"medallas-al-merito-a-hidalguenses","status":"publish","type":"post","link":"https:\/\/plazajuarez.mx\/historico\/medallas-al-merito-a-hidalguenses\/","title":{"rendered":"Medallas al M\u00e9rito a hidalguenses"},"content":{"rendered":"\n<p class=\"wp-block-paragraph\">En el Centro Cultural del Ferrocarril de la capital hidalguense, se hizo entrega de las Medallas al M\u00e9rito a favor de la Diversidad Cultural, por parte del Movimiento Nacional por la Diversidad Cultural de M\u00e9xico, con el objetivo de distinguir a hidalguenses que destacan en la promoci\u00f3n, reconocimiento, conocimiento y valoraci\u00f3n de la diversidad cultural que caracteriza a nuestra entidad y pa\u00eds.<\/p>\n\n\n\n<p class=\"wp-block-paragraph\">Los galardones fueron entregados a:&nbsp;<\/p>\n\n\n\n<p class=\"wp-block-paragraph\"><strong>Zita Gonz\u00e1lez Garc\u00eda<\/strong>, artesana originaria de la localidad El Mejay, en el municipio de Chilcuautla, Hidalgo, creadora de finos y complejos dise\u00f1os en telar de cintura que le han valido primeros lugares en artesan\u00edas a nivel nacional.<\/p>\n\n\n\n<p class=\"wp-block-paragraph\"><strong>Armando Pe\u00f1afiel G\u00f3mez, <\/strong>artista pl\u00e1stico hidalguense que se caracteriza por su<\/p>\n\n\n\n<p class=\"wp-block-paragraph\">humanismo y sentimiento plasmado en sus obras, manejo de la teor\u00eda del color y fuerte<\/p>\n\n\n\n<p class=\"wp-block-paragraph\">materia en sus trabajos, recibi\u00f3 la medalla por la proyecci\u00f3n nacional e internacional de su<\/p>\n\n\n\n<p class=\"wp-block-paragraph\">trabajo que le ha permitido el reconocimiento en Hidalgo, M\u00e9xico y el extranjero<\/p>\n\n\n\n<p class=\"wp-block-paragraph\"><strong>Fulgencio Vargas Vargas<\/strong>, premiado en reconocimiento a su labor como vig\u00eda del<\/p>\n\n\n\n<p class=\"wp-block-paragraph\">patrimonio cultural, promotor de las tradiciones, la cultura, la cocina y la medicina<\/p>\n\n\n\n<p class=\"wp-block-paragraph\">tradicional principalmente de Acaxochitl\u00e1n.<\/p>\n\n\n\n<p class=\"wp-block-paragraph\">En el mismo acto, recibieron menciones honor\u00edficas:&nbsp;<\/p>\n\n\n\n<p class=\"wp-block-paragraph\"><strong>Margarita Alvarado Gonz\u00e1lez<\/strong>, auxiliar de enfermer\u00eda destacada por su labor en salud entre la poblaci\u00f3n hablante de lengua ind\u00edgena.&nbsp;<\/p>\n\n\n\n<p class=\"wp-block-paragraph\"><strong>Atanacio Hern\u00e1ndez Espinoza<\/strong>, promotor de salud;<strong>Armando Cort\u00e9s Hern\u00e1ndez<\/strong>,&nbsp; y el polic\u00eda segundo; por sus acciones a favor del cuidado y salvaguarda de los derechos de las ni\u00f1as, los ni\u00f1os y adolescentes.<\/p>\n","protected":false},"excerpt":{"rendered":"<p>En el Centro Cultural del Ferrocarril de la capital hidalguense, se hizo entrega de las Medallas al M\u00e9rito a favor de la Diversidad Cultural, por parte del Movimiento Nacional por la Diversidad Cultural de M\u00e9xico, con el objetivo de distinguir a hidalguenses que destacan en la promoci\u00f3n, reconocimiento, conocimiento y valoraci\u00f3n de la diversidad cultural [&hellip;]<\/p>\n","protected":false},"author":93,"featured_media":213159,"comment_status":"closed","ping_status":"closed","sticky":false,"template":"","format":"standard","meta":{"footnotes":""},"categories":[59],"tags":[],"class_list":["post-213158","post","type-post","status-publish","format-standard","has-post-thumbnail","hentry","category-general"],"_links":{"self":[{"href":"https:\/\/plazajuarez.mx\/historico\/wp-json\/wp\/v2\/posts\/213158","targetHints":{"allow":["GET"]}}],"collection":[{"href":"https:\/\/plazajuarez.mx\/historico\/wp-json\/wp\/v2\/posts"}],"about":[{"href":"https:\/\/plazajuarez.mx\/historico\/wp-json\/wp\/v2\/types\/post"}],"author":[{"embeddable":true,"href":"https:\/\/plazajuarez.mx\/historico\/wp-json\/wp\/v2\/users\/93"}],"replies":[{"embeddable":true,"href":"https:\/\/plazajuarez.mx\/historico\/wp-json\/wp\/v2\/comments?post=213158"}],"version-history":[{"count":0,"href":"https:\/\/plazajuarez.mx\/historico\/wp-json\/wp\/v2\/posts\/213158\/revisions"}],"wp:featuredmedia":[{"embeddable":true,"href":"https:\/\/plazajuarez.mx\/historico\/wp-json\/wp\/v2\/media\/213159"}],"wp:attachment":[{"href":"https:\/\/plazajuarez.mx\/historico\/wp-json\/wp\/v2\/media?parent=213158"}],"wp:term":[{"taxonomy":"category","embeddable":true,"href":"https:\/\/plazajuarez.mx\/historico\/wp-json\/wp\/v2\/categories?post=213158"},{"taxonomy":"post_tag","embeddable":true,"href":"https:\/\/plazajuarez.mx\/historico\/wp-json\/wp\/v2\/tags?post=213158"}],"curies":[{"name":"wp","href":"https:\/\/api.w.org\/{rel}","templated":true}]}}