{"id":213075,"date":"2022-04-29T08:19:56","date_gmt":"2022-04-29T13:19:56","guid":{"rendered":"https:\/\/plazajuarez.mx\/?p=213075"},"modified":"2022-04-29T08:20:04","modified_gmt":"2022-04-29T13:20:04","slug":"brindan-apoyos-en-materia-de-salud-a-poblacion-vulnerable","status":"publish","type":"post","link":"https:\/\/plazajuarez.mx\/historico\/brindan-apoyos-en-materia-de-salud-a-poblacion-vulnerable\/","title":{"rendered":"Brindan apoyos en materia de salud a poblaci\u00f3n vulnerable"},"content":{"rendered":"\n<p><\/p>\n\n\n\n<p>La Cruz, Ampliaci\u00f3n La Cruz, Industrial y son puntos de intervenci\u00f3n de Salud a Tu Alcance en lo que va del 2022.<\/p>\n\n\n\n<p>El programa apoya a poblaci\u00f3n vulnerable (postrados, con alg\u00fan tipo de discapacidad neurofisiol\u00f3gica, embarazos sin control prenatal, personas en abandono y de manera reciente,&nbsp; la valoraci\u00f3n de peso y talla en menores de 5 a\u00f1os de edad).<\/p>\n\n\n\n<p>Las brigadas m\u00e9dicas acuden con indumentaria oficial del municipio con chaleco blanco y gafete para acreditarse, adem\u00e1s de una unidad m\u00f3vil distintiva.<\/p>\n\n\n\n<p>Como pr\u00f3ximos puntos de agenda se tienen programados: Rancho Guadalupe, un segmento de Metilatla as\u00ed como una parte de Loma Bonita.<\/p>\n\n\n\n<p>Dentro del programa se realiza: consulta m\u00e9dica general de primera vez con su respectivo seguimiento adem\u00e1s de consulta psicol\u00f3gica y valoraci\u00f3n nutricional para los menores de 5 a\u00f1os; este \u00faltimo servicio para valorar el estado nutricional del infante.<\/p>\n\n\n\n<p>Las enfermedades cr\u00f3nicas no transmisibles encabezan las principales afecciones comunes, generalmente en poblaci\u00f3n joven y adultos mayores.<\/p>\n","protected":false},"excerpt":{"rendered":"<p>La Cruz, Ampliaci\u00f3n La Cruz, Industrial y son puntos de intervenci\u00f3n de Salud a Tu Alcance en lo que va del 2022. El programa apoya a poblaci\u00f3n vulnerable (postrados, con alg\u00fan tipo de discapacidad neurofisiol\u00f3gica, embarazos sin control prenatal, personas en abandono y de manera reciente,&nbsp; la valoraci\u00f3n de peso y talla en menores de [&hellip;]<\/p>\n","protected":false},"author":93,"featured_media":213076,"comment_status":"closed","ping_status":"closed","sticky":false,"template":"","format":"standard","meta":{"footnotes":""},"categories":[40],"tags":[],"class_list":["post-213075","post","type-post","status-publish","format-standard","has-post-thumbnail","hentry","category-region"],"_links":{"self":[{"href":"https:\/\/plazajuarez.mx\/historico\/wp-json\/wp\/v2\/posts\/213075","targetHints":{"allow":["GET"]}}],"collection":[{"href":"https:\/\/plazajuarez.mx\/historico\/wp-json\/wp\/v2\/posts"}],"about":[{"href":"https:\/\/plazajuarez.mx\/historico\/wp-json\/wp\/v2\/types\/post"}],"author":[{"embeddable":true,"href":"https:\/\/plazajuarez.mx\/historico\/wp-json\/wp\/v2\/users\/93"}],"replies":[{"embeddable":true,"href":"https:\/\/plazajuarez.mx\/historico\/wp-json\/wp\/v2\/comments?post=213075"}],"version-history":[{"count":0,"href":"https:\/\/plazajuarez.mx\/historico\/wp-json\/wp\/v2\/posts\/213075\/revisions"}],"wp:featuredmedia":[{"embeddable":true,"href":"https:\/\/plazajuarez.mx\/historico\/wp-json\/wp\/v2\/media\/213076"}],"wp:attachment":[{"href":"https:\/\/plazajuarez.mx\/historico\/wp-json\/wp\/v2\/media?parent=213075"}],"wp:term":[{"taxonomy":"category","embeddable":true,"href":"https:\/\/plazajuarez.mx\/historico\/wp-json\/wp\/v2\/categories?post=213075"},{"taxonomy":"post_tag","embeddable":true,"href":"https:\/\/plazajuarez.mx\/historico\/wp-json\/wp\/v2\/tags?post=213075"}],"curies":[{"name":"wp","href":"https:\/\/api.w.org\/{rel}","templated":true}]}}