{"id":212867,"date":"2022-04-27T13:51:13","date_gmt":"2022-04-27T18:51:13","guid":{"rendered":"https:\/\/plazajuarez.mx\/?p=212867"},"modified":"2022-04-27T13:51:36","modified_gmt":"2022-04-27T18:51:36","slug":"amlo_aifa","status":"publish","type":"post","link":"https:\/\/plazajuarez.mx\/historico\/amlo_aifa\/","title":{"rendered":"AMLO pide ayuda a aerol\u00edneas para aumentar vuelos en AIFA"},"content":{"rendered":"\n<p> El presidente Andr\u00e9s Manuel L\u00f3pez Obrador asegur\u00f3 que su gobierno busca que haya m\u00e1s vuelos en el nuevo Aeropuerto Internacional Felipe \u00c1ngeles (AIFA) y el Aeropuerto Internacional de Toluca para que sus adversarios no lo ataquen ni cuestionen.<\/p>\n\n\n\n<p>El pasado 23 de abril, EL UNIVERSAL document\u00f3 que el\u00a0Aeropuerto Internacional de Toluca (AIT) Adolfo L\u00f3pez Mateos est\u00e1 en el abandono. Desde hace m\u00e1s de nueve meses, todas las l\u00edneas comerciales se fueron, y hoy s\u00f3lo opera para vuelos de carga y privados. \u00a0<\/p>\n\n\n\n<p>El pasado 21 de marzo, el presidente L\u00f3pez Obrador inaugur\u00f3 el nuevo el Aeropuerto Felipe \u00c1ngeles con solo seis vuelos nacionales y uno internacional.\u00a0<\/p>\n\n\n\n<p>En su conferencia de prensa en Palacio Nacional, el presidente L\u00f3pez Obrador pidi\u00f3 a Aerom\u00e9xico, Viva Aerobus y Volaris ampliar sus operaciones al nuevo AIFA.\u00a0<\/p>\n\n\n\n<p>&#8220;Habl\u00e9 con Eduardo Tricio, presidente de Aerom\u00e9xico, le ped\u00ed que ayudara para que se ampliaran vuelos, me comentaba que ya hab\u00edan ampliado uno a Vallarta y uno a Villahermosa. Me dijo que no hab\u00eda mucho pasaje en el caso de Villahermosa y le coment\u00e9 que ese vuelo sale muy temprano, el de regreso si trae pasaje suficiente, el de M\u00e9rida muy bien.<\/p>\n\n\n\n<p>&#8220;Pero le ped\u00ed que se ampliara y que nos ayudara, para que no se est\u00e9 cuestionando, atacando por esto, adem\u00e1s porque se trata de un buen aeropuerto, es el esfuerzo de mucha gente y es la imagen de nuestro pa\u00eds&#8221;.\u00a0<\/p>\n\n\n\n<p>El presidente L\u00f3pez Obrador extendi\u00f3 esta invitaci\u00f3n a los directivos de Viva Aerobus y Volaris por este conducto. Aunque seguramente, dijo, les va a hablar el secretario de Comunicaciones, Jorge Arganis D\u00edaz Leal, y el secretario de Gobernaci\u00f3n, Ad\u00e1n Augusto L\u00f3pez Hern\u00e1ndez, porque el Aeropuerto Internacional de la Ciudad de M\u00e9xico ya est\u00e1 lleno.\u00a0<\/p>\n\n\n\n<p>&#8220;Ya tenemos la infraestructura que se requiere, es un problema que heredamos, ahora falta ir complementando las cosas, ya resolvimos porque s\u00ed era un desaf\u00edo lo del Aeropuerto de Texcoco, entonces ya nos quitamos esa carga y ya es cosa de ir acomodando, para ir hacia adelante&#8221;.<\/p>\n","protected":false},"excerpt":{"rendered":"<p>El presidente Andr\u00e9s Manuel L\u00f3pez Obrador asegur\u00f3 que su gobierno busca que haya m\u00e1s vuelos en el nuevo Aeropuerto Internacional Felipe \u00c1ngeles (AIFA) y el Aeropuerto Internacional de Toluca para que sus adversarios no lo ataquen ni cuestionen. El pasado 23 de abril, EL UNIVERSAL document\u00f3 que el\u00a0Aeropuerto Internacional de Toluca (AIT) Adolfo L\u00f3pez Mateos [&hellip;]<\/p>\n","protected":false},"author":81,"featured_media":205053,"comment_status":"closed","ping_status":"closed","sticky":false,"template":"","format":"standard","meta":{"footnotes":""},"categories":[36],"tags":[144],"class_list":["post-212867","post","type-post","status-publish","format-standard","has-post-thumbnail","hentry","category-nacion","tag-amlo"],"_links":{"self":[{"href":"https:\/\/plazajuarez.mx\/historico\/wp-json\/wp\/v2\/posts\/212867","targetHints":{"allow":["GET"]}}],"collection":[{"href":"https:\/\/plazajuarez.mx\/historico\/wp-json\/wp\/v2\/posts"}],"about":[{"href":"https:\/\/plazajuarez.mx\/historico\/wp-json\/wp\/v2\/types\/post"}],"author":[{"embeddable":true,"href":"https:\/\/plazajuarez.mx\/historico\/wp-json\/wp\/v2\/users\/81"}],"replies":[{"embeddable":true,"href":"https:\/\/plazajuarez.mx\/historico\/wp-json\/wp\/v2\/comments?post=212867"}],"version-history":[{"count":0,"href":"https:\/\/plazajuarez.mx\/historico\/wp-json\/wp\/v2\/posts\/212867\/revisions"}],"wp:featuredmedia":[{"embeddable":true,"href":"https:\/\/plazajuarez.mx\/historico\/wp-json\/wp\/v2\/media\/205053"}],"wp:attachment":[{"href":"https:\/\/plazajuarez.mx\/historico\/wp-json\/wp\/v2\/media?parent=212867"}],"wp:term":[{"taxonomy":"category","embeddable":true,"href":"https:\/\/plazajuarez.mx\/historico\/wp-json\/wp\/v2\/categories?post=212867"},{"taxonomy":"post_tag","embeddable":true,"href":"https:\/\/plazajuarez.mx\/historico\/wp-json\/wp\/v2\/tags?post=212867"}],"curies":[{"name":"wp","href":"https:\/\/api.w.org\/{rel}","templated":true}]}}