{"id":212797,"date":"2022-04-27T08:16:09","date_gmt":"2022-04-27T13:16:09","guid":{"rendered":"https:\/\/plazajuarez.mx\/?p=212797"},"modified":"2022-04-27T08:50:21","modified_gmt":"2022-04-27T13:50:21","slug":"manana-habra-debate-ciudadano-en-la-coparmex","status":"publish","type":"post","link":"https:\/\/plazajuarez.mx\/historico\/manana-habra-debate-ciudadano-en-la-coparmex\/","title":{"rendered":"Ma\u00f1ana habr\u00e1 \u201cDebate Ciudadano\u201d en la Coparmex\u00a0"},"content":{"rendered":"\n<p class=\"wp-block-paragraph\">Con el objetivo de que la poblaci\u00f3n conozca las propuestas de los tres candidatos y la candidata a la gubernatura del estado de Hidalgo, la Confederaci\u00f3n Patronal de la Rep\u00fablica Mexicana (Coparmex) inform\u00f3 que ma\u00f1ana a las 18 horas se realizar\u00e1 el denominado \u201ddebate ciudadano\u201d para el que han convocado a los aspirantes al gobierno hidalguense.<\/p>\n\n\n\n<p class=\"wp-block-paragraph\">En conferencia de prensa, el presidente de la coparmex Hidalgo, Alberto Paredes Due\u00f1as, se\u00f1al\u00f3 que el debate ciudadano estar\u00e1 coordinado por el Centro Empresarial de la Coparmex, y el formato ser\u00e1 el siguiente: ronda inicial; paneles con ciudadanos con r\u00e9plica entre dos candidatos; paneles con l\u00edderes de opini\u00f3n; y una ronda final con el mensaje de los candidatos y candidata.&nbsp;<\/p>\n\n\n\n<p class=\"wp-block-paragraph\">Dicho ejercicio se transmitira por YouTube, Twitter y FaceBook de \u201cDEBATES CIUDADANOS\u201d y el orden de participaci\u00f3n ser\u00e1 de la siguiente forma: intervenci\u00f3n de los candidatos y candidata a la gubernatura,&nbsp; primera ronda con l\u00edderes de opini\u00f3n, luego vendr\u00e1 una ronda con el panel ciudadano, enseguida se dar\u00e1 la segunda ronda con l\u00edderes de opini\u00f3n y posterior la segunda con ciudadanos.&nbsp;<\/p>\n\n\n\n<p class=\"wp-block-paragraph\">Finalmente, se dar\u00e1 una ronda de un minuto 30 segundos por participantes para que den sus conclusiones y emitan su mensaje. De acuerdo con Paredes Due\u00f1as, el sorteo de orden de participaci\u00f3n se realiz\u00f3 v\u00eda zoom con los representantes de los partidos pol\u00edticos, coaliciones o candidatos.&nbsp;<\/p>\n","protected":false},"excerpt":{"rendered":"<p>Con el objetivo de que la poblaci\u00f3n conozca las propuestas de los tres candidatos y la candidata a la gubernatura del estado de Hidalgo, la Confederaci\u00f3n Patronal de la Rep\u00fablica Mexicana (Coparmex) inform\u00f3 que ma\u00f1ana a las 18 horas se realizar\u00e1 el denominado \u201ddebate ciudadano\u201d para el que han convocado a los aspirantes al gobierno [&hellip;]<\/p>\n","protected":false},"author":72,"featured_media":212798,"comment_status":"closed","ping_status":"closed","sticky":false,"template":"","format":"standard","meta":{"footnotes":""},"categories":[15,59,2159],"tags":[],"class_list":["post-212797","post","type-post","status-publish","format-standard","has-post-thumbnail","hentry","category-destacadas","category-general","category-noticias-de-hidalgo"],"_links":{"self":[{"href":"https:\/\/plazajuarez.mx\/historico\/wp-json\/wp\/v2\/posts\/212797","targetHints":{"allow":["GET"]}}],"collection":[{"href":"https:\/\/plazajuarez.mx\/historico\/wp-json\/wp\/v2\/posts"}],"about":[{"href":"https:\/\/plazajuarez.mx\/historico\/wp-json\/wp\/v2\/types\/post"}],"author":[{"embeddable":true,"href":"https:\/\/plazajuarez.mx\/historico\/wp-json\/wp\/v2\/users\/72"}],"replies":[{"embeddable":true,"href":"https:\/\/plazajuarez.mx\/historico\/wp-json\/wp\/v2\/comments?post=212797"}],"version-history":[{"count":0,"href":"https:\/\/plazajuarez.mx\/historico\/wp-json\/wp\/v2\/posts\/212797\/revisions"}],"wp:featuredmedia":[{"embeddable":true,"href":"https:\/\/plazajuarez.mx\/historico\/wp-json\/wp\/v2\/media\/212798"}],"wp:attachment":[{"href":"https:\/\/plazajuarez.mx\/historico\/wp-json\/wp\/v2\/media?parent=212797"}],"wp:term":[{"taxonomy":"category","embeddable":true,"href":"https:\/\/plazajuarez.mx\/historico\/wp-json\/wp\/v2\/categories?post=212797"},{"taxonomy":"post_tag","embeddable":true,"href":"https:\/\/plazajuarez.mx\/historico\/wp-json\/wp\/v2\/tags?post=212797"}],"curies":[{"name":"wp","href":"https:\/\/api.w.org\/{rel}","templated":true}]}}