{"id":212788,"date":"2022-04-27T08:12:02","date_gmt":"2022-04-27T13:12:02","guid":{"rendered":"https:\/\/plazajuarez.mx\/?p=212788"},"modified":"2022-04-27T08:12:16","modified_gmt":"2022-04-27T13:12:16","slug":"interes-ciudadano-sin-precedentes-por-el-proceso-electoral","status":"publish","type":"post","link":"https:\/\/plazajuarez.mx\/historico\/interes-ciudadano-sin-precedentes-por-el-proceso-electoral\/","title":{"rendered":"Inter\u00e9s ciudadano sin precedentes por el proceso electoral"},"content":{"rendered":"\n<p class=\"wp-block-paragraph\">El analista pol\u00edtico Pablo Vargas Gonz\u00e1lez, asegur\u00f3 que a poco m\u00e1s de un mes de haber iniciado las campa\u00f1as pol\u00edticas rumbo a la renovaci\u00f3n de la gubernatura, el inter\u00e9s de la ciudadan\u00eda no tiene precedentes.<\/p>\n\n\n\n<p class=\"wp-block-paragraph\">En entrevista para \u201cAl Aire\u201d, noticiario producido por Diario Plaza Ju\u00e1rez, dijo \u201ces un proceso intenso, sin precedentes, los hidalguenses est\u00e1n atentos de lo que est\u00e1 sucediendo, hay temas importantes\u201d.<\/p>\n\n\n\n<p class=\"wp-block-paragraph\">Respecto a las encuestas, el analista pol\u00edtico coment\u00f3 que algunas de ellas est\u00e1n manejadas por los propios candidatos, sin embargo, lo m\u00e1s importante es lo que piense la ciudadan\u00eda.<\/p>\n\n\n\n<p class=\"wp-block-paragraph\">Se\u00f1al\u00f3 \u201chay mucha gente interesada en el proceso electoral, la ciudadan\u00eda est\u00e1 atenta a los procesos pol\u00edticos del entorno, se est\u00e1 generando un inter\u00e9s in\u00e9dito en el proceso pol\u00edtico\u201d.<\/p>\n\n\n\n<p class=\"wp-block-paragraph\">Destac\u00f3 que las encuestas m\u00e1s importantes son aquellas que saldr\u00e1n a finales del mes de mayo y principios de junio, pues en ellas se integran las tendencias m\u00e1s fuertes y significativas, al ser la etapa final del proceso electoral.<\/p>\n\n\n\n<p class=\"wp-block-paragraph\">Finalmente Vargas Gonz\u00e1lez invit\u00f3 a los candidatos y la candidata, a evitar la descalificaci\u00f3n y abonar a un proceso c\u00edvico y participativo, pues se trata de una elecci\u00f3n hist\u00f3rica para el estado.<\/p>\n","protected":false},"excerpt":{"rendered":"<p>El analista pol\u00edtico Pablo Vargas Gonz\u00e1lez, asegur\u00f3 que a poco m\u00e1s de un mes de haber iniciado las campa\u00f1as pol\u00edticas rumbo a la renovaci\u00f3n de la gubernatura, el inter\u00e9s de la ciudadan\u00eda no tiene precedentes. En entrevista para \u201cAl Aire\u201d, noticiario producido por Diario Plaza Ju\u00e1rez, dijo \u201ces un proceso intenso, sin precedentes, los hidalguenses [&hellip;]<\/p>\n","protected":false},"author":73,"featured_media":212789,"comment_status":"closed","ping_status":"closed","sticky":false,"template":"","format":"standard","meta":{"footnotes":""},"categories":[59,2159],"tags":[],"class_list":["post-212788","post","type-post","status-publish","format-standard","has-post-thumbnail","hentry","category-general","category-noticias-de-hidalgo"],"_links":{"self":[{"href":"https:\/\/plazajuarez.mx\/historico\/wp-json\/wp\/v2\/posts\/212788","targetHints":{"allow":["GET"]}}],"collection":[{"href":"https:\/\/plazajuarez.mx\/historico\/wp-json\/wp\/v2\/posts"}],"about":[{"href":"https:\/\/plazajuarez.mx\/historico\/wp-json\/wp\/v2\/types\/post"}],"author":[{"embeddable":true,"href":"https:\/\/plazajuarez.mx\/historico\/wp-json\/wp\/v2\/users\/73"}],"replies":[{"embeddable":true,"href":"https:\/\/plazajuarez.mx\/historico\/wp-json\/wp\/v2\/comments?post=212788"}],"version-history":[{"count":0,"href":"https:\/\/plazajuarez.mx\/historico\/wp-json\/wp\/v2\/posts\/212788\/revisions"}],"wp:featuredmedia":[{"embeddable":true,"href":"https:\/\/plazajuarez.mx\/historico\/wp-json\/wp\/v2\/media\/212789"}],"wp:attachment":[{"href":"https:\/\/plazajuarez.mx\/historico\/wp-json\/wp\/v2\/media?parent=212788"}],"wp:term":[{"taxonomy":"category","embeddable":true,"href":"https:\/\/plazajuarez.mx\/historico\/wp-json\/wp\/v2\/categories?post=212788"},{"taxonomy":"post_tag","embeddable":true,"href":"https:\/\/plazajuarez.mx\/historico\/wp-json\/wp\/v2\/tags?post=212788"}],"curies":[{"name":"wp","href":"https:\/\/api.w.org\/{rel}","templated":true}]}}