{"id":212786,"date":"2022-04-27T08:10:20","date_gmt":"2022-04-27T13:10:20","guid":{"rendered":"https:\/\/plazajuarez.mx\/?p=212786"},"modified":"2022-04-27T08:10:33","modified_gmt":"2022-04-27T13:10:33","slug":"falta-humildad-y-sobra-soberbia","status":"publish","type":"post","link":"https:\/\/plazajuarez.mx\/historico\/falta-humildad-y-sobra-soberbia\/","title":{"rendered":"FALTA HUMILDAD Y SOBRA SOBERBIA"},"content":{"rendered":"\n<h2 class=\"wp-block-heading\">ALFIL NEGRO\u00a0<\/h2>\n\n\n\n<p>La humildad es una virtud de vida que permite la convivencia en la sociedad, porque provoca una conducta respetuosa de todos sin asomo de superioridad, y s\u00ed con modestia y sencillez porque nace de una visi\u00f3n sana y sincera de lo que se es por la historia de cada quien, que conduce a corregir lo mal hecho con profundo esp\u00edritu de enmienda para no volver a cometer los mismos yerros.<\/p>\n\n\n\n<p>Obvio es decirlo, que se da por descontado, que no se rehuye lo que la historia de cada quien le dice que ha provocado con aciertos y errores para saber cu\u00e1nto se debe y debe pagar el personaje.<\/p>\n\n\n\n<p>Si no se acepta lo que se ha hecho de bueno y de malo, se parte de una imagen falsa que no da piso firme a cualquier acci\u00f3n que se quiera intentar, porque se parte de ignorar lo que se debe y que se debe pagar empezando por aceptar la responsabilidad de los hechos.<\/p>\n\n\n\n<p>En estas fechas vivimos en lo pol\u00edtico las campa\u00f1as de Cuatro candidatos que buscan la gubernatura, y ya en la realidad la lucha fuerte entre Julio Menchaca y Carolina Viggiano los m\u00e1s fuertes en esta batalla electoral.<\/p>\n\n\n\n<p>Y viendo a estos dos candidatos y su forma de expresarse, vale la pena ver c\u00f3mo se manifiestan en relaci\u00f3n con lo que es su historia personal como pol\u00edticos y sobre todo c\u00f3mo manifiestan lo que ha significado para Hidalgo los partidos que los llevan como candidatos, o sea MORENA Y EL PRI.<\/p>\n\n\n\n<p>Necesitamos saber qu\u00e9 piensan de sus partidos, sobre todo estos candidatos en un examen cierto de lo que son y han sido en nuestra historia.<\/p>\n\n\n\n<p>Porque las cosas son distintas a otras elecciones.<\/p>\n\n\n\n<p>Es necesario que con humildad haya un reconocimiento de los errores que el PRI y MORENA han cometido en el tiempo que llevan de presencia en el estado.<\/p>\n\n\n\n<p>El PRI con 93 a\u00f1os de gobernar a Hidalgo y una larga historia de aciertos y desaciertos, urge de una confesi\u00f3n p\u00fablica de sus errores y abusos para tener un piso firme de todo lo que venga despu\u00e9s. En el caso de MORENA tiene poca historia pero no est\u00e1 exento este partido de errores.<\/p>\n\n\n\n<p>Como que falta humildad y sobra soberbia en la b\u00fasqueda del poder porque se habla de promesas y m\u00e1s promesas, pero nada de reconocer las fallas y abusos que se cometen con el poder.<\/p>\n\n\n\n<p>Porque hasta la fecha ninguno ha dicho algo sobre las fallas para con la gente y s\u00f3lo se habla de crear, construir, hacer y cosas por el estilo.<\/p>\n\n\n\n<p>Y no hay que olvidar que mucha gente va a ir a las urnas motivada por el deseo de cobrar facturas de abusos y conductas irritantes de gentes y apellidos que crecieron al amparo del poder.<\/p>\n\n\n\n<p>Falta humildad y sobra soberbia.<\/p>\n\n\n\n<p>Porque si no se aceptan errores y fallas parece que no ha pasado nada, o que todo ha sido perfecto y evidentemente no es as\u00ed.<\/p>\n\n\n\n<p>Y esto provoca partir de un piso falso porque si no se aceptan los pecados no se pueden corregir o buscar evitarlos.<\/p>\n\n\n\n<p>Y as\u00ed no se puede.<\/p>\n","protected":false},"excerpt":{"rendered":"<p>ALFIL NEGRO\u00a0 La humildad es una virtud de vida que permite la convivencia en la sociedad, porque provoca una conducta respetuosa de todos sin asomo de superioridad, y s\u00ed con modestia y sencillez porque nace de una visi\u00f3n sana y sincera de lo que se es por la historia de cada quien, que conduce a [&hellip;]<\/p>\n","protected":false},"author":83,"featured_media":208526,"comment_status":"closed","ping_status":"closed","sticky":false,"template":"","format":"standard","meta":{"footnotes":""},"categories":[48,42],"tags":[],"class_list":["post-212786","post","type-post","status-publish","format-standard","has-post-thumbnail","hentry","category-adalberto-peralta","category-nuestrapalabra"],"_links":{"self":[{"href":"https:\/\/plazajuarez.mx\/historico\/wp-json\/wp\/v2\/posts\/212786","targetHints":{"allow":["GET"]}}],"collection":[{"href":"https:\/\/plazajuarez.mx\/historico\/wp-json\/wp\/v2\/posts"}],"about":[{"href":"https:\/\/plazajuarez.mx\/historico\/wp-json\/wp\/v2\/types\/post"}],"author":[{"embeddable":true,"href":"https:\/\/plazajuarez.mx\/historico\/wp-json\/wp\/v2\/users\/83"}],"replies":[{"embeddable":true,"href":"https:\/\/plazajuarez.mx\/historico\/wp-json\/wp\/v2\/comments?post=212786"}],"version-history":[{"count":0,"href":"https:\/\/plazajuarez.mx\/historico\/wp-json\/wp\/v2\/posts\/212786\/revisions"}],"wp:featuredmedia":[{"embeddable":true,"href":"https:\/\/plazajuarez.mx\/historico\/wp-json\/wp\/v2\/media\/208526"}],"wp:attachment":[{"href":"https:\/\/plazajuarez.mx\/historico\/wp-json\/wp\/v2\/media?parent=212786"}],"wp:term":[{"taxonomy":"category","embeddable":true,"href":"https:\/\/plazajuarez.mx\/historico\/wp-json\/wp\/v2\/categories?post=212786"},{"taxonomy":"post_tag","embeddable":true,"href":"https:\/\/plazajuarez.mx\/historico\/wp-json\/wp\/v2\/tags?post=212786"}],"curies":[{"name":"wp","href":"https:\/\/api.w.org\/{rel}","templated":true}]}}