{"id":212738,"date":"2022-04-26T12:57:02","date_gmt":"2022-04-26T17:57:02","guid":{"rendered":"https:\/\/plazajuarez.mx\/?p=212738"},"modified":"2022-04-26T12:57:14","modified_gmt":"2022-04-26T17:57:14","slug":"catar_2022","status":"publish","type":"post","link":"https:\/\/plazajuarez.mx\/historico\/catar_2022\/","title":{"rendered":"\u00a0M\u00e9xico se enfrenta con Guatemala en su primer amistoso rumbo a Catar 2022"},"content":{"rendered":"\n<p>La selecci\u00f3n de M\u00e9xico jugar\u00e1 este mi\u00e9rcoles su primer partido de preparaci\u00f3n rumbo al Mundial de Catar 2022 cuando enfrente a Guatemala en Florida, Estados Unidos, sin la presencia de su director t\u00e9cnico, el argentino Gerardo Martino.<\/p>\n\n\n\n<p>El seleccionador de M\u00e9xico no estar\u00e1 en Florida por recomendaci\u00f3n m\u00e9dica y ser\u00e1 su auxiliar Jorge Theiler quien ocupe su lugar, en una convocatoria que no incluye a sus futbolistas que militan en Europa.<\/p>\n\n\n\n<p>De cualquier forma, entre los jugadores llamado por el &#8216;Tata&#8217; Martino para enfrentar a Guatemala este mi\u00e9rcoles hay varios con posibilidades de estar en Catar 2022 como el defensa Jes\u00fas \u00c1ngulo y los centrocampistas Erick Aguirre, Roberto Alvarado y Sebasti\u00e1n Cardona, adem\u00e1s de los delanteros Santiago Gim\u00e9nez y Marcelo Flores, aunque no se descartan otros.<\/p>\n\n\n\n<p>El partido se celebrar\u00e1 en el estadio Camping World Stadium de Orlando, Florida, y ser\u00e1 el primero que jugar\u00e1 M\u00e9xico desde que certific\u00f3 en marzo pasado su clasificaci\u00f3n al Mundial 2022, a disputarse entre noviembre y diciembre de este a\u00f1o.<\/p>\n\n\n\n<p>En el otro extremo, Guatemala llega al encuentro de este mi\u00e9rcoles tras ganar sus \u00faltimos tres partidos amistosos desde que el mexicano Luis Fernando Tena fue nombrado como su seleccionador en diciembre pasado.<\/p>\n\n\n\n<p>Desde entonces, el combinado del pa\u00eds centroamericano super\u00f3 a Cuba, Hait\u00ed y a El Salvador, este \u00faltimo con una goleada por 4-0 el pasado domingo en California, Estados Unidos.<\/p>\n\n\n\n<p>La figura para los guatemaltecos fue el delantero \u00d3scar Santis, quien marc\u00f3 dos goles y tambi\u00e9n se acredit\u00f3 una asistencia ante los salvadore\u00f1os.<\/p>\n\n\n\n<p>Santis ya hab\u00eda dado evidencias de su nivel como una pieza clave del Comunicaciones guatemalteco que en diciembre pasado gan\u00f3 la Liga Concacaf 2021, que aglutina a los mejores clubes de Centroam\u00e9rica, El Caribe y Canad\u00e1.<\/p>\n\n\n\n<p>Tena, quien llev\u00f3 a la selecci\u00f3n sub 23 de M\u00e9xico a ganar su primer oro en f\u00fatbol en Juegos Ol\u00edmpicos durante Londres 2012, tiene como misi\u00f3n clasificar a Guatemala al primer Mundial en categor\u00eda absoluta de su historia.<\/p>\n\n\n\n<p>El seleccionado centroamericano se qued\u00f3 en el camino rumbo a Catar 2022 en las rondas iniciales de la eliminatoria de la Confederaci\u00f3n del Norte, Centroam\u00e9rica y El Caribe de F\u00fatbol (Concacaf), en junio de 2021.<\/p>\n\n\n\n<p>La plantilla guatemalteca ten\u00eda planeado viajar desde Houston a Florida en la noche del lunes, pero los futbolistas tuvieron que dormir en el aeropuerto por el clima y otros motivos, seg\u00fan denunciaron este martes algunos jugadores por redes sociales y tambi\u00e9n medios locales.<\/p>\n\n\n\n<p>En la convocatoria de 21 jugadores de Tena hay tres futbolistas que militan en el extranjero: Gerardo Gordillo (Gualaceo, Ecuador), Nicholas Hagen (Hamarkameratene, Noruega) y Jos\u00e9 Carlos Pinto (Tacuary, Paraguay). Los dos \u00faltimos se unir\u00e1n al equipo en Florida.<\/p>\n\n\n\n<p>&#8211; Posibles Alineaciones:<\/p>\n\n\n\n<p>M\u00e9xico: Carlos Acevedo; Jes\u00fas Angulo, Jonathan G\u00f3mez, Luis Olivas, Arturo Ortiz; Erick Aguirre, Roberto Alvarado, Sebasti\u00e1n C\u00f3rdova; Marcelo Flores Eduardo Aguirre y Santiago Gim\u00e9nez.<\/p>\n\n\n\n<p>Seleccionador: Jorge Theiler.<\/p>\n\n\n\n<p>Guatemala: Nicholas Hagen; Gerardo Gordillo, Jos\u00e9 Morales, Stheven Robles, Jos\u00e9 Carlos Pinto; Alejandro Galindo, Carlos Mej\u00eda, Rodrigo Saravia, Jorge Aparicio; \u00d3scar Santis y Robin Betancourth.<\/p>\n\n\n\n<p>Seleccionador: Luis Fernando Tena.<\/p>\n\n\n\n<p>Estadio: Camping World Stadium, de Orlando (Florida, EEUU).<\/p>\n\n\n\n<p>Hora: 20.30 hora local (00.30 GMT de la madrugada del jueves).<\/p>\n","protected":false},"excerpt":{"rendered":"<p>La selecci\u00f3n de M\u00e9xico jugar\u00e1 este mi\u00e9rcoles su primer partido de preparaci\u00f3n rumbo al Mundial de Catar 2022 cuando enfrente a Guatemala en Florida, Estados Unidos, sin la presencia de su director t\u00e9cnico, el argentino Gerardo Martino. El seleccionador de M\u00e9xico no estar\u00e1 en Florida por recomendaci\u00f3n m\u00e9dica y ser\u00e1 su auxiliar Jorge Theiler quien [&hellip;]<\/p>\n","protected":false},"author":80,"featured_media":212740,"comment_status":"closed","ping_status":"closed","sticky":false,"template":"","format":"standard","meta":{"footnotes":""},"categories":[39],"tags":[2432],"class_list":["post-212738","post","type-post","status-publish","format-standard","has-post-thumbnail","hentry","category-deportiva","tag-catar"],"_links":{"self":[{"href":"https:\/\/plazajuarez.mx\/historico\/wp-json\/wp\/v2\/posts\/212738","targetHints":{"allow":["GET"]}}],"collection":[{"href":"https:\/\/plazajuarez.mx\/historico\/wp-json\/wp\/v2\/posts"}],"about":[{"href":"https:\/\/plazajuarez.mx\/historico\/wp-json\/wp\/v2\/types\/post"}],"author":[{"embeddable":true,"href":"https:\/\/plazajuarez.mx\/historico\/wp-json\/wp\/v2\/users\/80"}],"replies":[{"embeddable":true,"href":"https:\/\/plazajuarez.mx\/historico\/wp-json\/wp\/v2\/comments?post=212738"}],"version-history":[{"count":0,"href":"https:\/\/plazajuarez.mx\/historico\/wp-json\/wp\/v2\/posts\/212738\/revisions"}],"wp:featuredmedia":[{"embeddable":true,"href":"https:\/\/plazajuarez.mx\/historico\/wp-json\/wp\/v2\/media\/212740"}],"wp:attachment":[{"href":"https:\/\/plazajuarez.mx\/historico\/wp-json\/wp\/v2\/media?parent=212738"}],"wp:term":[{"taxonomy":"category","embeddable":true,"href":"https:\/\/plazajuarez.mx\/historico\/wp-json\/wp\/v2\/categories?post=212738"},{"taxonomy":"post_tag","embeddable":true,"href":"https:\/\/plazajuarez.mx\/historico\/wp-json\/wp\/v2\/tags?post=212738"}],"curies":[{"name":"wp","href":"https:\/\/api.w.org\/{rel}","templated":true}]}}