{"id":212729,"date":"2022-04-26T10:12:00","date_gmt":"2022-04-26T15:12:00","guid":{"rendered":"https:\/\/plazajuarez.mx\/?p=212729"},"modified":"2022-04-26T12:14:59","modified_gmt":"2022-04-26T17:14:59","slug":"juan-pablo-medina-reaparece-tras-amputacion","status":"publish","type":"post","link":"https:\/\/plazajuarez.mx\/historico\/juan-pablo-medina-reaparece-tras-amputacion\/","title":{"rendered":"Juan Pablo Medina reaparece tras amputaci\u00f3n"},"content":{"rendered":"\n<p>El actor Juan Pablo Medina se dej\u00f3 ver acompa\u00f1ado de su novia Paulina D\u00e1vila despu\u00e9s de que le fuera amputada una de sus piernas; sonriente, Medina reapareci\u00f3 ante el p\u00fablico en la obra de teatro &#8220;Hamlet&#8221; que se present\u00f3 en el Teatro Mil\u00e1n en la Ciudad de M\u00e9xico.<\/p>\n\n\n\n<p>Medina, que el a\u00f1o pasado tuvo que tomar la decisi\u00f3n de amputar una de sus piernas porque su salud se vio amenazada, se mostr\u00f3 sonriente y amable con el p\u00fablico que le pidi\u00f3 una fotograf\u00eda.&nbsp;<\/p>\n\n\n\n<p>Con bast\u00f3n en mano y una gran sonrisa, el actor baj\u00f3 de un autom\u00f3vil para tomar su lugar dentro del teatro y poder disfrutar de la obra junto a su novia.<\/p>\n\n\n\n<p>El 15 de julio del a\u00f1o pasado el actor Juan Pablo Medina estaba en llamado de grabaci\u00f3n y comenz\u00f3 a sentirse muy mal, tanto que pidi\u00f3 irse al hospital.<\/p>\n\n\n\n<p>\u00c9l casi no recuerda nada, solo que despert\u00f3 en una cama lleno de cables y aparatos, lleno de dolor, cont\u00f3 hace unos d\u00edas a la revista &#8220;GQ&#8221;.&nbsp;<\/p>\n\n\n\n<p>El actor cont\u00f3 a la revista los dif\u00edciles momentos que vivi\u00f3 en el hospital, cuando el dolor era inimaginable y hab\u00eda que tomar la mejor decisi\u00f3n.&nbsp;<\/p>\n","protected":false},"excerpt":{"rendered":"<p>El actor Juan Pablo Medina se dej\u00f3 ver acompa\u00f1ado de su novia Paulina D\u00e1vila despu\u00e9s de que le fuera amputada una de sus piernas; sonriente, Medina reapareci\u00f3 ante el p\u00fablico en la obra de teatro &#8220;Hamlet&#8221; que se present\u00f3 en el Teatro Mil\u00e1n en la Ciudad de M\u00e9xico. Medina, que el a\u00f1o pasado tuvo que [&hellip;]<\/p>\n","protected":false},"author":81,"featured_media":212731,"comment_status":"closed","ping_status":"closed","sticky":false,"template":"","format":"standard","meta":{"footnotes":""},"categories":[38,2166],"tags":[],"class_list":["post-212729","post","type-post","status-publish","format-standard","has-post-thumbnail","hentry","category-show","category-viral"],"_links":{"self":[{"href":"https:\/\/plazajuarez.mx\/historico\/wp-json\/wp\/v2\/posts\/212729","targetHints":{"allow":["GET"]}}],"collection":[{"href":"https:\/\/plazajuarez.mx\/historico\/wp-json\/wp\/v2\/posts"}],"about":[{"href":"https:\/\/plazajuarez.mx\/historico\/wp-json\/wp\/v2\/types\/post"}],"author":[{"embeddable":true,"href":"https:\/\/plazajuarez.mx\/historico\/wp-json\/wp\/v2\/users\/81"}],"replies":[{"embeddable":true,"href":"https:\/\/plazajuarez.mx\/historico\/wp-json\/wp\/v2\/comments?post=212729"}],"version-history":[{"count":0,"href":"https:\/\/plazajuarez.mx\/historico\/wp-json\/wp\/v2\/posts\/212729\/revisions"}],"wp:featuredmedia":[{"embeddable":true,"href":"https:\/\/plazajuarez.mx\/historico\/wp-json\/wp\/v2\/media\/212731"}],"wp:attachment":[{"href":"https:\/\/plazajuarez.mx\/historico\/wp-json\/wp\/v2\/media?parent=212729"}],"wp:term":[{"taxonomy":"category","embeddable":true,"href":"https:\/\/plazajuarez.mx\/historico\/wp-json\/wp\/v2\/categories?post=212729"},{"taxonomy":"post_tag","embeddable":true,"href":"https:\/\/plazajuarez.mx\/historico\/wp-json\/wp\/v2\/tags?post=212729"}],"curies":[{"name":"wp","href":"https:\/\/api.w.org\/{rel}","templated":true}]}}