{"id":212707,"date":"2022-04-26T10:54:00","date_gmt":"2022-04-26T15:54:00","guid":{"rendered":"https:\/\/plazajuarez.mx\/?p=212707"},"modified":"2022-04-26T12:06:05","modified_gmt":"2022-04-26T17:06:05","slug":"travesias-fronterizas-2","status":"publish","type":"post","link":"https:\/\/plazajuarez.mx\/historico\/travesias-fronterizas-2\/","title":{"rendered":"Traves\u00edas fronterizas"},"content":{"rendered":"\n<h2 class=\"wp-block-heading\">CINE DE MA\u00d1ANA<\/h2>\n\n\n\n<p>La tercera y \u00faltima cinta mexicana inclu\u00edda en la LXXI Muestra Internacional de Cine es Traves\u00edas de Sergio Flores Thorija.<\/p>\n\n\n\n<p>Se trata del segundo largometraje del realizador de Tres mujeres o despertando de mi sue\u00f1o bosnio, que al igual que ese filme fue realizado de manera independiente, con pocos recursos y con actores debutantes.<\/p>\n\n\n\n<p>El gui\u00f3n del propio realizador nacido en la Ciudad de M\u00e9xico hace 35 a\u00f1os, narra las historias de tres j\u00f3venes en Tijuana y San Diego.<\/p>\n\n\n\n<p>La joven Alejandra (Alejandra Carrillo) decide ir en busca de su hermano, quien se fue de indocumentado para conseguir el dinero para acabar su casa. No cree la llamada del consulado que le dice que su cuerpo fue encontrado en el desierto.<\/p>\n\n\n\n<p>Decide contactar a Jonathan (Jonathan Dur\u00e1n) el amigo con el que deb\u00eda reunirse su hermano y comienza a trabajar siempre con la angustia de ser deportada.<\/p>\n\n\n\n<p>Por su parte V\u00edctor (V\u00edctor Garc\u00eda), es un universitario que vive en San Diego, y que ha iniciado su propio negocio. Acepta ir a una fiesta en Tijuana y termina en el hospital, y convertido en un coyote involuntario.<\/p>\n\n\n\n<p>Con tintes documentales al estilo de Tijuaneados an\u00f3nimos de Jos\u00e9 Luis Figueroa y Ana Paola Rodr\u00edguez, Flores apuesta por planos generales que convierten los paisajes de las ciudades en un personaje m\u00e1s, y que tratan de disimular la poca experiencia de sus int\u00e9rpretes.<\/p>\n\n\n\n<p>Traves\u00edas es una interesante visi\u00f3n fronteriza que muestra las semejanzas que son borradas artificialmente por los caprichos humanos.<\/p>\n","protected":false},"excerpt":{"rendered":"<p>CINE DE MA\u00d1ANA La tercera y \u00faltima cinta mexicana inclu\u00edda en la LXXI Muestra Internacional de Cine es Traves\u00edas de Sergio Flores Thorija. Se trata del segundo largometraje del realizador de Tres mujeres o despertando de mi sue\u00f1o bosnio, que al igual que ese filme fue realizado de manera independiente, con pocos recursos y con [&hellip;]<\/p>\n","protected":false},"author":96,"featured_media":212714,"comment_status":"closed","ping_status":"closed","sticky":false,"template":"","format":"standard","meta":{"footnotes":""},"categories":[41,54,42],"tags":[],"class_list":["post-212707","post","type-post","status-publish","format-standard","has-post-thumbnail","hentry","category-arteria-cultural","category-jorge-carrasco","category-nuestrapalabra"],"_links":{"self":[{"href":"https:\/\/plazajuarez.mx\/historico\/wp-json\/wp\/v2\/posts\/212707","targetHints":{"allow":["GET"]}}],"collection":[{"href":"https:\/\/plazajuarez.mx\/historico\/wp-json\/wp\/v2\/posts"}],"about":[{"href":"https:\/\/plazajuarez.mx\/historico\/wp-json\/wp\/v2\/types\/post"}],"author":[{"embeddable":true,"href":"https:\/\/plazajuarez.mx\/historico\/wp-json\/wp\/v2\/users\/96"}],"replies":[{"embeddable":true,"href":"https:\/\/plazajuarez.mx\/historico\/wp-json\/wp\/v2\/comments?post=212707"}],"version-history":[{"count":0,"href":"https:\/\/plazajuarez.mx\/historico\/wp-json\/wp\/v2\/posts\/212707\/revisions"}],"wp:featuredmedia":[{"embeddable":true,"href":"https:\/\/plazajuarez.mx\/historico\/wp-json\/wp\/v2\/media\/212714"}],"wp:attachment":[{"href":"https:\/\/plazajuarez.mx\/historico\/wp-json\/wp\/v2\/media?parent=212707"}],"wp:term":[{"taxonomy":"category","embeddable":true,"href":"https:\/\/plazajuarez.mx\/historico\/wp-json\/wp\/v2\/categories?post=212707"},{"taxonomy":"post_tag","embeddable":true,"href":"https:\/\/plazajuarez.mx\/historico\/wp-json\/wp\/v2\/tags?post=212707"}],"curies":[{"name":"wp","href":"https:\/\/api.w.org\/{rel}","templated":true}]}}