{"id":212518,"date":"2022-04-24T14:37:12","date_gmt":"2022-04-24T19:37:12","guid":{"rendered":"https:\/\/plazajuarez.mx\/?p=212518"},"modified":"2022-04-24T14:37:21","modified_gmt":"2022-04-24T19:37:21","slug":"caravana_migrantes","status":"publish","type":"post","link":"https:\/\/plazajuarez.mx\/historico\/caravana_migrantes\/","title":{"rendered":"M\u00e9xico disuelve caravana de migrantes en el sur pero ofrece regularizarlos"},"content":{"rendered":"\n<p>El Instituto Nacional de Migraci\u00f3n (INM) del Gobierno mexicano disolvi\u00f3 este s\u00e1bado una caravana de migrantes que pretend\u00eda salir de manera masiva desde Tapachula, en la frontera con Guatemala, para ir a Ciudad de M\u00e9xico.<\/p>\n\n\n\n<p>Sin embargo, las autoridades federales empezaron a atender a los migrantes en grupos de 150 personas con la promesa de trasladarlos a albergues en un lapso de cuatro d\u00edas para iniciar su proceso de regularizaci\u00f3n migratoria y obtener visas humanitarias.<\/p>\n\n\n\n<p>Los migrantes llegaron a la estaci\u00f3n migratoria Siglo 21, una de las m\u00e1s grandes del sur del pa\u00eds, donde subieron a autobuses en los que el INM los llevar\u00e1 a una estaci\u00f3n migratoria para expedir documentos que les permitan estar legalmente en M\u00e9xico.<\/p>\n\n\n\n<p>El migrante venezolano Gabriel Gonz\u00e1lez argument\u00f3 que no quieren quedarse en M\u00e9xico sino seguir su camino a Estados Unidos.<\/p>\n\n\n\n<p>&#8220;Me siento agradecido con el director del Centro de Dignificaci\u00f3n Humana, Lu\u00eds Rey Garc\u00eda Villagr\u00e1n, para que nos den la visa por razones humanitarias en dos o tres d\u00edas. Vamos a creer cuando tengamos la visa en nuestras manos&#8221;, declar\u00f3 a Efe.<\/p>\n\n\n\n<p>En el parque Bicentenario de Tapachula se congregaron cerca de 800 migrantes para ponerse a disposici\u00f3n de las autoridades federales a cambio de visas por razones humanitarias.<\/p>\n\n\n\n<p>En su mayor\u00eda son migrantes de Venezuela, Honduras, El Salvador, Cuba, Guatemala, Honduras y Hait\u00ed, pero tambi\u00e9n hay personas de Egipto, Mal\u00ed, Congo, y Senegal.<\/p>\n\n\n\n<p>Uno de ellos es Daniel Hern\u00e1ndez, quien lleva un mes y medio en Tapachula, en busca de tr\u00e1mites, aunque no tuvo \u00e9xito, por lo que expres\u00f3 su esperanza en el nuevo ofrecimiento de las autoridades.<\/p>\n\n\n\n<p>&#8220;Nuestro prop\u00f3sito es poder tener los papeles y continuar avanzando, nos han dado comida, agua y nos preguntan c\u00f3mo estamos&#8221;, coment\u00f3 a Efe.<\/p>\n\n\n\n<p>Asimismo, Garc\u00eda Villagr\u00e1n, defensor de migrantes, expuso que los grupos vulnerables tienen prioridad.<\/p>\n\n\n\n<p>&#8220;Despu\u00e9s siguen los hombres y mujeres solas, ya que son alrededor de 800 personas que ser\u00e1n llevadas a la aduana de Cerro Gordo en Huixtla y tres albergues en Tapachula&#8221;, detall\u00f3.<\/p>\n\n\n\n<p>Garc\u00eda Villagr\u00e1n indic\u00f3 que es un compromiso del Gobierno federal para que el parque del migrantes o Bicentenario ya no tenga personas hacinadas.<\/p>\n\n\n\n<p>La regi\u00f3n vive un flujo migratorio r\u00e9cord hacia Estados Unidos, cuya Oficina de Aduanas y Protecci\u00f3n Fronteriza (CBP) detect\u00f3 a m\u00e1s de 1,7 millones de indocumentados en la frontera con M\u00e9xico en el a\u00f1o fiscal 2021, que termin\u00f3 el 30 de septiembre.<\/p>\n\n\n\n<p>En tanto, el Gobierno de M\u00e9xico deport\u00f3 a m\u00e1s de 114.000 extranjeros en 2021, de acuerdo con la Secretar\u00eda de Gobernaci\u00f3n.<\/p>\n\n\n\n<p>El Ej\u00e9rcito tiene desplegados m\u00e1s de 28.000 de sus miembros en tareas de migraci\u00f3n en las fronteras norte y sur, seg\u00fan revel\u00f3 la Secretar\u00eda de la Defensa Nacional esta semana.<\/p>\n","protected":false},"excerpt":{"rendered":"<p>El Instituto Nacional de Migraci\u00f3n (INM) del Gobierno mexicano disolvi\u00f3 este s\u00e1bado una caravana de migrantes que pretend\u00eda salir de manera masiva desde Tapachula, en la frontera con Guatemala, para ir a Ciudad de M\u00e9xico. Sin embargo, las autoridades federales empezaron a atender a los migrantes en grupos de 150 personas con la promesa de [&hellip;]<\/p>\n","protected":false},"author":80,"featured_media":212519,"comment_status":"closed","ping_status":"closed","sticky":false,"template":"","format":"standard","meta":{"footnotes":""},"categories":[36],"tags":[2376],"class_list":["post-212518","post","type-post","status-publish","format-standard","has-post-thumbnail","hentry","category-nacion","tag-migrantes"],"_links":{"self":[{"href":"https:\/\/plazajuarez.mx\/historico\/wp-json\/wp\/v2\/posts\/212518","targetHints":{"allow":["GET"]}}],"collection":[{"href":"https:\/\/plazajuarez.mx\/historico\/wp-json\/wp\/v2\/posts"}],"about":[{"href":"https:\/\/plazajuarez.mx\/historico\/wp-json\/wp\/v2\/types\/post"}],"author":[{"embeddable":true,"href":"https:\/\/plazajuarez.mx\/historico\/wp-json\/wp\/v2\/users\/80"}],"replies":[{"embeddable":true,"href":"https:\/\/plazajuarez.mx\/historico\/wp-json\/wp\/v2\/comments?post=212518"}],"version-history":[{"count":0,"href":"https:\/\/plazajuarez.mx\/historico\/wp-json\/wp\/v2\/posts\/212518\/revisions"}],"wp:featuredmedia":[{"embeddable":true,"href":"https:\/\/plazajuarez.mx\/historico\/wp-json\/wp\/v2\/media\/212519"}],"wp:attachment":[{"href":"https:\/\/plazajuarez.mx\/historico\/wp-json\/wp\/v2\/media?parent=212518"}],"wp:term":[{"taxonomy":"category","embeddable":true,"href":"https:\/\/plazajuarez.mx\/historico\/wp-json\/wp\/v2\/categories?post=212518"},{"taxonomy":"post_tag","embeddable":true,"href":"https:\/\/plazajuarez.mx\/historico\/wp-json\/wp\/v2\/tags?post=212518"}],"curies":[{"name":"wp","href":"https:\/\/api.w.org\/{rel}","templated":true}]}}