{"id":212509,"date":"2022-04-24T14:13:44","date_gmt":"2022-04-24T19:13:44","guid":{"rendered":"https:\/\/plazajuarez.mx\/?p=212509"},"modified":"2022-04-24T14:13:55","modified_gmt":"2022-04-24T19:13:55","slug":"debanhi-y-paulette","status":"publish","type":"post","link":"https:\/\/plazajuarez.mx\/historico\/debanhi-y-paulette\/","title":{"rendered":"Debanhi y Paulette \u00bfQu\u00e9 tienen en com\u00fan?"},"content":{"rendered":"\n<p> Los internautas volcaron sus opiniones de incredulidad y algunos m\u00e1s revivieron algunas inconsistencias que se dieron en el caso de la menor.<\/p>\n\n\n\n<p>Paulette Gebara Farah fue un caso que conmocion\u00f3 a la sociedad mexicana, la cual estuvo pendiente desde que se report\u00f3 el 22 de marzo de 2010 como desaparecida de su residencia en el fraccionamiento Interlomas, donde viv\u00eda con sus padres.<\/p>\n\n\n\n<p>A trav\u00e9s de medios de comunicaci\u00f3n se conoci\u00f3 el paso a paso del caso, tal como ocurri\u00f3 con Debanhi Escobedo, una vez que sus padres informaron que la joven estaba desaparecida luego de asistir a una fiesta con sus amigas, de la cual se retir\u00f3 a bordo de un taxi.<\/p>\n\n\n\n<p>Entre los comentarios se\u00f1alan que existe coincidencia en ambos casos en el hecho que mucha gente con un estatus social y pol\u00edticos estuvieron involucrados en la investigaci\u00f3n.<\/p>\n\n\n\n<p>Otra similitud que refieren en comentarios es que tanto el cuerpo de Paulette como el de Debanhi aparecieron d\u00edas despu\u00e9s y en sitios donde ya las autoridades hab\u00edan revisado.<\/p>\n\n\n\n<p>En el caso de Paulette, a pesar que se contaba con todo un equipo especializado de b\u00fasqueda y rescate, la menor fue localizada sin vida, 10 d\u00edas despu\u00e9s.<\/p>\n\n\n\n<p>El hallazgo del cuerpo se hizo al interior de su casa, bajo el colch\u00f3n, envuelta en una s\u00e1bana y con la pijama con la que su madre la habr\u00eda acostado el d\u00eda de su desaparici\u00f3n.<\/p>\n\n\n\n<p>Mientras que el cuerpo de Debanhi fue hallado dos semanas despu\u00e9s, a unos cuantos metros del lugar donde fue vista por \u00faltima vez, y donde el taxista le tom\u00f3 una fotograf\u00eda para comprobar a las amigas de la joven que hab\u00eda dejado a su pasajera.<\/p>\n\n\n\n<p>Otra inconsistencia que se\u00f1alaron los usuarios fueron las declaraciones de las amigas de Debanhi y del propio chofer del servicio de taxi; mientras que en el caso de Paulette fueron las declaraciones y actitud de sus padres, la se\u00f1ora Lisette Farah y Mauricio Gebara<\/p>\n\n\n\n<p>Una coincidencia m\u00e1s que la opini\u00f3n p\u00fablica expres\u00f3, es que para ellos se trat\u00f3 de un montaje por parte de las autoridades encargadas de investigar el caso, quienes desplegaron todo un operativo para la b\u00fasqueda y localizaci\u00f3n.<\/p>\n\n\n\n<p>En ambos casos los investigadores revisaron en m\u00e1s de dos ocasiones la misma escena donde fueron vistas por \u00faltima vez ambas f\u00e9minas, y result\u00f3 que los cuerpos sin vida siempre estuvieron en ese punto.<\/p>\n\n\n\n<p>En el caso Paulette se determin\u00f3 que al no poder moverse, porque estaba entre la base de la cama y el colch\u00f3n, muri\u00f3 por asfixia mec\u00e1nica por obstrucci\u00f3n de las cavidades nasales y compresi\u00f3n t\u00f3rax-abdominal.<\/p>\n\n\n\n<p>Mientras que en torno a Debanhi Escobar hasta el momento no se esclarecen las causas de la muerte, solo se presume que recibi\u00f3 un golpe contuso en la cabeza y en otras partes del cuerpo, el cual fue hallado en el interior de una cisterna.<\/p>\n\n\n\n<p>Usuarios abren el debate en redes por coincidencias<\/p>\n\n\n\n<p>Para el usuario @Cepherus24, su teor\u00eda del caso Debanhi es: &#8220;FUE LA POLIC\u00cdA. Ella se acerc\u00f3 a pedir ayuda a la empresa de transportes, de ah\u00ed le enviaron una unidad de polic\u00eda a que pasara por ella (por eso los cortes de grabaci\u00f3n editados de la c\u00e1mara de la empresa). Acto despu\u00e9s es asesinada ya sea por querer\u2026&#8221;.<\/p>\n\n\n\n<p>En tanto, @maryannaolaguez escribi\u00f3: &#8220;que los poderosos no logren ocultar la verdad, que la indignaci\u00f3n tome las calles de M\u00e9xico, nosotras te pensamos, a ti y a todas las mujeres que han temido por su vida en las calles de #NuevoLe\u00f3n #M\u00e9xicoFeminicida Que tu alma descanse, nosotras no nos detendremos&#8221;.<\/p>\n\n\n\n<p>Mientras que @GlodeJo07 poste\u00f3 &#8220;Y todo pasa en Gobiernos del PRI, como fue con Paulette y ahora con Debanhi en NL que es de Movimiento Ciudadano&#8230; ven&#8230;&#8221;. &#8220;20 a\u00f1os despu\u00e9s reaparece el mismo. Modus de poullete&#8221;, cit\u00f3 @Orlando29978401<\/p>\n\n\n\n<p>&#8220;Lo de la chica fue as\u00ed (turbio, suspenso, extra\u00f1o) porq esa fiesta era de gente importante de gob y los malillos Primero limpiaron a los pudientes, fotos, etc. Usaron a la familia y la gran atenci\u00f3n del p\u00fablico por saber c\u00f3mo terminar\u00eda la historia.. Muy parecido a lo poullete&#8221;, rerifi\u00f3 @guillen_48.<\/p>\n","protected":false},"excerpt":{"rendered":"<p>Los internautas volcaron sus opiniones de incredulidad y algunos m\u00e1s revivieron algunas inconsistencias que se dieron en el caso de la menor. Paulette Gebara Farah fue un caso que conmocion\u00f3 a la sociedad mexicana, la cual estuvo pendiente desde que se report\u00f3 el 22 de marzo de 2010 como desaparecida de su residencia en el [&hellip;]<\/p>\n","protected":false},"author":81,"featured_media":212510,"comment_status":"closed","ping_status":"closed","sticky":false,"template":"","format":"standard","meta":{"footnotes":""},"categories":[36],"tags":[71],"class_list":["post-212509","post","type-post","status-publish","format-standard","has-post-thumbnail","hentry","category-nacion","tag-viral"],"_links":{"self":[{"href":"https:\/\/plazajuarez.mx\/historico\/wp-json\/wp\/v2\/posts\/212509","targetHints":{"allow":["GET"]}}],"collection":[{"href":"https:\/\/plazajuarez.mx\/historico\/wp-json\/wp\/v2\/posts"}],"about":[{"href":"https:\/\/plazajuarez.mx\/historico\/wp-json\/wp\/v2\/types\/post"}],"author":[{"embeddable":true,"href":"https:\/\/plazajuarez.mx\/historico\/wp-json\/wp\/v2\/users\/81"}],"replies":[{"embeddable":true,"href":"https:\/\/plazajuarez.mx\/historico\/wp-json\/wp\/v2\/comments?post=212509"}],"version-history":[{"count":0,"href":"https:\/\/plazajuarez.mx\/historico\/wp-json\/wp\/v2\/posts\/212509\/revisions"}],"wp:featuredmedia":[{"embeddable":true,"href":"https:\/\/plazajuarez.mx\/historico\/wp-json\/wp\/v2\/media\/212510"}],"wp:attachment":[{"href":"https:\/\/plazajuarez.mx\/historico\/wp-json\/wp\/v2\/media?parent=212509"}],"wp:term":[{"taxonomy":"category","embeddable":true,"href":"https:\/\/plazajuarez.mx\/historico\/wp-json\/wp\/v2\/categories?post=212509"},{"taxonomy":"post_tag","embeddable":true,"href":"https:\/\/plazajuarez.mx\/historico\/wp-json\/wp\/v2\/tags?post=212509"}],"curies":[{"name":"wp","href":"https:\/\/api.w.org\/{rel}","templated":true}]}}