{"id":212506,"date":"2022-04-24T13:54:41","date_gmt":"2022-04-24T18:54:41","guid":{"rendered":"https:\/\/plazajuarez.mx\/?p=212506"},"modified":"2022-04-24T13:54:52","modified_gmt":"2022-04-24T18:54:52","slug":"sila_anfibia","status":"publish","type":"post","link":"https:\/\/plazajuarez.mx\/historico\/sila_anfibia\/","title":{"rendered":"Mexicano crea silla anfibia para que personas con discapacidad gocen la playa"},"content":{"rendered":"\n<p>El mexicano Andr\u00e9s Mata, experto en mec\u00e1nica automotriz, ha dise\u00f1ado una silla de ruedas anfibia para que las personas con discapacidad visiten la playa y el mar de forma f\u00e1cil y segura.<\/p>\n\n\n\n<p>Mata expone este domingo a Efe la silla &#8220;TITA&#8221; (Todo incluye, todo amor), un prototipo generado de forma independiente en La Paz, capital de Baja California Sur, estado del noroeste del pa\u00eds conocido por sus playas.<\/p>\n\n\n\n<p>Est\u00e1 dise\u00f1ada para \u201clas personas con cualquier tipo de discapacidad, que puedan ser transportadas por la arena e introducidas al agua con seguridad\u201d, manifiesta Mata, quien ha dedicado sus \u00faltimos a\u00f1os a generar herramientas que faciliten la vida de las personas.<\/p>\n\n\n\n<p>El inventor se percat\u00f3 de la dificultad que representa trasladarse en una silla convencional en espacios costeros, como los de Baja California Sur, estado que alberga al popular destino de Los Cabos.<\/p>\n\n\n\n<p>Por ello, con su silla, este sudcaliforniano pretende que las personas con discapacidad \u201cno se limiten al momento de ir a la playa, ni se sientan una carga para sus familiares, de esa forma, se incluyan de mejor manera en el d\u00eda a d\u00eda de sus familias&#8221;.<\/p>\n\n\n\n<p>DERECHO AL TURISMO Y RECREACI\u00d3N<\/p>\n\n\n\n<p>Jairo Westle es un prestador de servicios tur\u00edsticos que goza de las actividades acu\u00e1ticas de la zona, pero recientemente se lastim\u00f3 una de sus extremidades, lo que le ha dificultado visitar la playa.<\/p>\n\n\n\n<p>El hombre vivi\u00f3 la experiencia de usar la silla en el malec\u00f3n de La Paz.<\/p>\n\n\n\n<p>\u201cEs muy estable, a la hora de entrar al agua se reclina muy c\u00f3modo y los flotadores hacen que no se valla hacia los lados, siempre que alguien te acompa\u00f1e es un producto muy bueno&#8221;, indica Westle, quien nunca hab\u00eda visto algo igual.<\/p>\n\n\n\n<p>De igual forma, asegura ser testigo de la falta que hac\u00eda una herramienta de este tipo porque es com\u00fan \u201cver a la gente triste sentada hasta donde llega la banqueta (acera) porque no pueden acceder a la playa&#8221;.<\/p>\n\n\n\n<p>En este sentido, el Director del Instituto Sudcaliforniano para la Inclusi\u00f3n de personas con Discapacidad en el estado, Jorge Alberto S\u00e1nchez, celebr\u00f3 la creaci\u00f3n y reconoci\u00f3 los beneficios del primer modelo.<\/p>\n\n\n\n<p>En un estado con vocaci\u00f3n tur\u00edstica y m\u00e1s de 2.200 kil\u00f3metros de litorales representa una aportaci\u00f3n.<\/p>\n\n\n\n<p>El creador del prototipo mencion\u00f3 que se pretende que exista al menos una silla anfibia en cada playa de Baja California Sur a disposici\u00f3n de las personas.<\/p>\n\n\n\n<p>\u201c(Puede) brindarle la oportunidad de disfrutar de las playas de la pen\u00ednsula a una persona con discapacidad que viene de otras partes del mundo. Es un paso m\u00e1s a la inclusi\u00f3n y un crecimiento exponencial del estado como destino tur\u00edstico&#8221;, destaca Mata.<\/p>\n\n\n\n<p>Al momento la silla est\u00e1 en proceso de certificaci\u00f3n por parte de las autoridades y Mata busca colaboradores para facilitar la producci\u00f3n a una mayor escala del prototipo porque una de las premisas del proyecto es que la silla sea gratuita.<\/p>\n\n\n\n<p>De acuerdo con el Instituto Nacional de Estad\u00edstica y Geograf\u00eda (Inegi), el 5,7 % de la poblaci\u00f3n mexicana, casi 7,2 millones de personas, tiene alg\u00fan tipo de discapacidad.<\/p>\n","protected":false},"excerpt":{"rendered":"<p>El mexicano Andr\u00e9s Mata, experto en mec\u00e1nica automotriz, ha dise\u00f1ado una silla de ruedas anfibia para que las personas con discapacidad visiten la playa y el mar de forma f\u00e1cil y segura. Mata expone este domingo a Efe la silla &#8220;TITA&#8221; (Todo incluye, todo amor), un prototipo generado de forma independiente en La Paz, capital [&hellip;]<\/p>\n","protected":false},"author":80,"featured_media":212507,"comment_status":"closed","ping_status":"closed","sticky":false,"template":"","format":"standard","meta":{"footnotes":""},"categories":[15,36],"tags":[],"class_list":["post-212506","post","type-post","status-publish","format-standard","has-post-thumbnail","hentry","category-destacadas","category-nacion"],"_links":{"self":[{"href":"https:\/\/plazajuarez.mx\/historico\/wp-json\/wp\/v2\/posts\/212506","targetHints":{"allow":["GET"]}}],"collection":[{"href":"https:\/\/plazajuarez.mx\/historico\/wp-json\/wp\/v2\/posts"}],"about":[{"href":"https:\/\/plazajuarez.mx\/historico\/wp-json\/wp\/v2\/types\/post"}],"author":[{"embeddable":true,"href":"https:\/\/plazajuarez.mx\/historico\/wp-json\/wp\/v2\/users\/80"}],"replies":[{"embeddable":true,"href":"https:\/\/plazajuarez.mx\/historico\/wp-json\/wp\/v2\/comments?post=212506"}],"version-history":[{"count":0,"href":"https:\/\/plazajuarez.mx\/historico\/wp-json\/wp\/v2\/posts\/212506\/revisions"}],"wp:featuredmedia":[{"embeddable":true,"href":"https:\/\/plazajuarez.mx\/historico\/wp-json\/wp\/v2\/media\/212507"}],"wp:attachment":[{"href":"https:\/\/plazajuarez.mx\/historico\/wp-json\/wp\/v2\/media?parent=212506"}],"wp:term":[{"taxonomy":"category","embeddable":true,"href":"https:\/\/plazajuarez.mx\/historico\/wp-json\/wp\/v2\/categories?post=212506"},{"taxonomy":"post_tag","embeddable":true,"href":"https:\/\/plazajuarez.mx\/historico\/wp-json\/wp\/v2\/tags?post=212506"}],"curies":[{"name":"wp","href":"https:\/\/api.w.org\/{rel}","templated":true}]}}