{"id":212503,"date":"2022-04-24T13:43:40","date_gmt":"2022-04-24T18:43:40","guid":{"rendered":"https:\/\/plazajuarez.mx\/?p=212503"},"modified":"2022-04-24T13:43:51","modified_gmt":"2022-04-24T18:43:51","slug":"debanhi_iglesia","status":"publish","type":"post","link":"https:\/\/plazajuarez.mx\/historico\/debanhi_iglesia\/","title":{"rendered":"Iglesia cat\u00f3lica responsabiliza al Estado por Debanhi y mujeres desaparecidas"},"content":{"rendered":"\n<p>La Iglesia cat\u00f3lica responsabiliz\u00f3 este domingo al Estado mexicano por la &#8220;monstruosidad&#8221; de las desapariciones de mujeres, como el caso de Debanhi Escobar, joven de 18 a\u00f1os hallada muerta en un motel del norte del pa\u00eds tras dos semanas desaparecida.<\/p>\n\n\n\n<p>&#8220;El Estado tiene un alto grado de responsabilidad, pues ha fallado en materia de educaci\u00f3n -que es la base para que un pa\u00eds cuente con una sana estructura social\u2013, en garantizar la seguridad a sus ciudadanos y en asegurar la justicia a las v\u00edctimas&#8221;, indic\u00f3 en su editorial del semanario &#8220;Desde la fe&#8221;.<\/p>\n\n\n\n<p>La instituci\u00f3n se refiri\u00f3 al caso de Debanhi que ha conmocionado al pa\u00eds tras el hallazgo de su cad\u00e1ver el jueves en un motel del estado de Nuevo Le\u00f3n, cerca de donde desapareci\u00f3 el 9 de abril tras bajar de un taxi, cuyo conductor le tom\u00f3 una fotograf\u00eda en la carretera que se viraliz\u00f3.<\/p>\n\n\n\n<p>En M\u00e9xico desparecen en promedio m\u00e1s de 18 mujeres al d\u00eda, seg\u00fan la Comisi\u00f3n Nacional de B\u00fasqueda (CNB).<\/p>\n\n\n\n<p>En ese contexto, el editorial cuestion\u00f3 que tras la desaparici\u00f3n de una mujer sea &#8220;muy com\u00fan que se impute, a bote pronto, la responsabilidad a la propia v\u00edctima o a su c\u00edrculo m\u00e1s cercano de familiares o amigos&#8221;.<\/p>\n\n\n\n<p>&#8220;El caso Debanhi es la expresi\u00f3n mediatizada de una realidad que, por desgracia, se ha vuelto &#8216;normalidad&#8217;: nuestras desaparecidas&#8221;, lament\u00f3 el editorial.<\/p>\n\n\n\n<p>El texto tambi\u00e9n consider\u00f3 que el tejido social &#8220;est\u00e1 fracturado severamente&#8221;, por lo que &#8220;todos son corresponsables en la tarea de revertir los antivalores&#8221;.<\/p>\n\n\n\n<p>Denunci\u00f3 que el rostro joven de M\u00e9xico &#8220;se desfigura a pasos acelerados debido a pol\u00edticas p\u00fablicas inmorales, corrupci\u00f3n, narcotr\u00e1fico, exclusi\u00f3n, violencia, trata de personas, secuestro, pornograf\u00eda, y aborto&#8221;.<\/p>\n\n\n\n<p>Asimismo, mencion\u00f3 la visita del papa Francisco en 2016, cuando reconoci\u00f3 la manera en la que los padres de familia se un\u00edan para recuperar a sus hijos &#8220;arrebatados&#8221; por el crimen organizado.<\/p>\n\n\n\n<p>&#8220;Y es que s\u00f3lo as\u00ed, trabajando juntos como sociedad \u2013sin dejar y exigir al Estado que cumpla su deber de proteger a sus gobernados\u2013 podemos pensar y proyectar un futuro, un ma\u00f1ana de esperanza&#8221;, concluy\u00f3 la instituci\u00f3n religiosa.<\/p>\n","protected":false},"excerpt":{"rendered":"<p>La Iglesia cat\u00f3lica responsabiliz\u00f3 este domingo al Estado mexicano por la &#8220;monstruosidad&#8221; de las desapariciones de mujeres, como el caso de Debanhi Escobar, joven de 18 a\u00f1os hallada muerta en un motel del norte del pa\u00eds tras dos semanas desaparecida. &#8220;El Estado tiene un alto grado de responsabilidad, pues ha fallado en materia de educaci\u00f3n [&hellip;]<\/p>\n","protected":false},"author":80,"featured_media":212504,"comment_status":"closed","ping_status":"closed","sticky":false,"template":"","format":"standard","meta":{"footnotes":""},"categories":[36],"tags":[2421],"class_list":["post-212503","post","type-post","status-publish","format-standard","has-post-thumbnail","hentry","category-nacion","tag-debanhi"],"_links":{"self":[{"href":"https:\/\/plazajuarez.mx\/historico\/wp-json\/wp\/v2\/posts\/212503","targetHints":{"allow":["GET"]}}],"collection":[{"href":"https:\/\/plazajuarez.mx\/historico\/wp-json\/wp\/v2\/posts"}],"about":[{"href":"https:\/\/plazajuarez.mx\/historico\/wp-json\/wp\/v2\/types\/post"}],"author":[{"embeddable":true,"href":"https:\/\/plazajuarez.mx\/historico\/wp-json\/wp\/v2\/users\/80"}],"replies":[{"embeddable":true,"href":"https:\/\/plazajuarez.mx\/historico\/wp-json\/wp\/v2\/comments?post=212503"}],"version-history":[{"count":0,"href":"https:\/\/plazajuarez.mx\/historico\/wp-json\/wp\/v2\/posts\/212503\/revisions"}],"wp:featuredmedia":[{"embeddable":true,"href":"https:\/\/plazajuarez.mx\/historico\/wp-json\/wp\/v2\/media\/212504"}],"wp:attachment":[{"href":"https:\/\/plazajuarez.mx\/historico\/wp-json\/wp\/v2\/media?parent=212503"}],"wp:term":[{"taxonomy":"category","embeddable":true,"href":"https:\/\/plazajuarez.mx\/historico\/wp-json\/wp\/v2\/categories?post=212503"},{"taxonomy":"post_tag","embeddable":true,"href":"https:\/\/plazajuarez.mx\/historico\/wp-json\/wp\/v2\/tags?post=212503"}],"curies":[{"name":"wp","href":"https:\/\/api.w.org\/{rel}","templated":true}]}}