{"id":21249,"date":"2016-05-15T16:53:38","date_gmt":"2016-05-15T16:53:38","guid":{"rendered":"http:\/\/plazajuarez.mx\/index\/index.php\/2016\/05\/15\/soconusco-blues-becerra-pino\/"},"modified":"2016-05-15T16:53:38","modified_gmt":"2016-05-15T16:53:38","slug":"soconusco-blues-becerra-pino","status":"publish","type":"post","link":"https:\/\/plazajuarez.mx\/historico\/soconusco-blues-becerra-pino\/","title":{"rendered":"\u201cSoconusco blues\u201d: Becerra Pino"},"content":{"rendered":"<p>Dorar la p\u00edldora<\/p>\n<p>  <!--more-->  <\/p>\n<p>\u00a0<\/p>\n<p>Mi amigo Hern\u00e1n Becerra Pino me comparte su libro de poes\u00eda reunida con ese paladeable t\u00edtulo de \u201cSoconusco blues\u201d, que hace gui\u00f1os con otros t\u00edtulos de poes\u00eda cl\u00e1sicos que llevan el blues como gen\u00e9rico: \u201cM\u00e9xico City Blues\u201d o \u201cSan Francisco Blues\u201d, de Kerouak. Me hace part\u00edcipe de su libro publicado en la colecci\u00f3n Las alas del sue\u00f1o de Biblioteca Chiapas, a sabiendas que hace m\u00e1s de una d\u00e9cada Marco Aurelio Carballo (un poema lo recuerda en este libro) y \u00e9l me compartieron su Tapachula natal, en aquel viaje que hicimos desde Tuxtla Guti\u00e9rrez al Soconusco presentando nuestros libros.<\/p>\n<p>Hern\u00e1n fue c\u00f3mplice del descubrimiento de su Tapachula cuando me mostr\u00f3 la plaza, la vista del Tacan\u00e1, y me convid\u00f3 en el corredor de la casa familiar, con el rumor del r\u00edo al fondo, los tamales que su madre confeccionara. Ahora su libro de poemas es una pieza m\u00e1s del encuentro: \u201cEn el patio de mi casa, all\u00e1 en mi Tapachula, hay un \u00e1rbol de papaya. Se cuida solo\u201d.<\/p>\n<p>Por eso un libro como este es m\u00e1s que un libro. Lleva por t\u00edtulo la palabra hermosa que rubrica la procedencia del poeta y ensayista, profesor y autor de varios libros de entrevistas y del cuentario \u201cEl ba\u00fal del t\u00edo Mat\u00edas\u201d, Soconusco es adem\u00e1s el territorio rico en cacao que al que deseaba ir Miguel de Cervantes como gobernador, antes de escribir \u201cEl Quijote\u201d, y alude al blues puro ritmo rasgado y cadencioso, lamento sensual del alma. Contrario a la capacidad narrativa que los chiapanecos parecen llevar en la sangre, muchos de los poemas de Hern\u00e1n Becerra Pino reunidos en este libro son m\u00e1s bien breves y hasta afor\u00edsticos, aunque un solo tema, la historia de Francia, es visitado por 65 poemas bajo el t\u00edtulo de \u201cCartas a Marsella: de la revoluci\u00f3n francesa a las colonias del Caribe\u201d (que fue premio regional de poes\u00eda en 2012). Otros tres libros se dan cita en este blues a cuatro tomos: \u201cDonde muere el caracol\u201d, \u201cCopainal\u00e1\u201d e \u201cIsla de agua\u201d.<\/p>\n<p>Poetas, paisajes, estados de \u00e1nimo, relaciones humanas, consideraciones sobre el derecho desfilan por estas p\u00e1ginas. Tambi\u00e9n la mirada sobre Chiapas y la iron\u00eda de algunos de los nombres de sus pueblos: El Porvenir donde no lo hay, Bellavista que no es bello y el parad\u00f3jico La Realidad, o los fantasmas dominicos de Tecpat\u00e1n. El humor es herramienta esencial del poeta que diseca el mundo con un bistur\u00ed fino de palabras que despojan de adorno o lo a\u00f1aden: un m\u00e9dico que confirma al paciente que se morir\u00e1, una se\u00f1ora oronda que habilita poemas al instante para sus invitados. Hay una idea que retumba en el libro y me inquieta, tal vez porque alude al hecho mismo de la escritura: De la terapia intensiva, sal\u00ed poeta. Un solo poema, dos versos y una declaratoria que invita a desmenuzarla: la fragilidad y la fuerza de las palabras. De la oscuridad a la luz. El poeta no es s\u00f3lo de los colores del paisaje, de las manos de su madre y el arrullo de las tardes largas: el poeta es accidente. Es deseo de sobrevivir, parece subrayar Becerra Pino. Las palabras como boyas para jalar ox\u00edgeno, para ordenar un mundo en desconcierto. Las palabras como asombro para detener la belleza. El poeta es tambi\u00e9n los libros que ha le\u00eddo y la m\u00fasica que ha escuchado, los amigos y las mujeres que ha amado. S\u00ed, debe tener raz\u00f3n el poeta cuando dice que lo peor de perder la raz\u00f3n es recobrarla. \u00bfPara qui\u00e9n escribe el poeta? Acaso el ordenamiento del mundo en palabras que busca resarcir la amenaza de la muerte, la fragilidad de los empe\u00f1os, la insignificancia de nuestros pasos, es locura que necesita de otros locos, nosotros los lectores, para acompa\u00f1arnos en nuestra sinraz\u00f3n? Si es as\u00ed, bienvenido el poeta y el \u201cSoconusco blues\u201d.<\/p>\n<p>Aunque Hern\u00e1n Becerra Pino en su poema \u201cFatiga\u201d escribe: \u201cSiento el cansancio de la piedra,\/ necesito un bast\u00f3n de terciopelo\/ o una vara de membrillo\u201d, pues cada vez le cuesta m\u00e1s ir a Chiapas, sus lectores viajamos a vara de palabras, de agudeza verbal, melancol\u00eda y humor por los rincones del mundo que ha recorrido y al coraz\u00f3n de su veta po\u00e9tica: el Soconusco.<\/p>\n","protected":false},"excerpt":{"rendered":"<p>Dorar la p\u00edldora<\/p>\n","protected":false},"author":93,"featured_media":0,"comment_status":"open","ping_status":"open","sticky":false,"template":"","format":"standard","meta":{"footnotes":""},"categories":[42],"tags":[],"class_list":["post-21249","post","type-post","status-publish","format-standard","hentry","category-nuestrapalabra"],"_links":{"self":[{"href":"https:\/\/plazajuarez.mx\/historico\/wp-json\/wp\/v2\/posts\/21249","targetHints":{"allow":["GET"]}}],"collection":[{"href":"https:\/\/plazajuarez.mx\/historico\/wp-json\/wp\/v2\/posts"}],"about":[{"href":"https:\/\/plazajuarez.mx\/historico\/wp-json\/wp\/v2\/types\/post"}],"author":[{"embeddable":true,"href":"https:\/\/plazajuarez.mx\/historico\/wp-json\/wp\/v2\/users\/93"}],"replies":[{"embeddable":true,"href":"https:\/\/plazajuarez.mx\/historico\/wp-json\/wp\/v2\/comments?post=21249"}],"version-history":[{"count":0,"href":"https:\/\/plazajuarez.mx\/historico\/wp-json\/wp\/v2\/posts\/21249\/revisions"}],"wp:attachment":[{"href":"https:\/\/plazajuarez.mx\/historico\/wp-json\/wp\/v2\/media?parent=21249"}],"wp:term":[{"taxonomy":"category","embeddable":true,"href":"https:\/\/plazajuarez.mx\/historico\/wp-json\/wp\/v2\/categories?post=21249"},{"taxonomy":"post_tag","embeddable":true,"href":"https:\/\/plazajuarez.mx\/historico\/wp-json\/wp\/v2\/tags?post=21249"}],"curies":[{"name":"wp","href":"https:\/\/api.w.org\/{rel}","templated":true}]}}