{"id":21245,"date":"2016-05-15T16:51:13","date_gmt":"2016-05-15T16:51:13","guid":{"rendered":"http:\/\/plazajuarez.mx\/index\/index.php\/2016\/05\/15\/presentan-novela-inedita-de-carlos-fuentes-2\/"},"modified":"2016-05-15T16:51:13","modified_gmt":"2016-05-15T16:51:13","slug":"presentan-novela-inedita-de-carlos-fuentes-2","status":"publish","type":"post","link":"https:\/\/plazajuarez.mx\/historico\/presentan-novela-inedita-de-carlos-fuentes-2\/","title":{"rendered":"Presentan novela in\u00e9dita de Carlos Fuentes"},"content":{"rendered":"<p>\u201cAQUILES, O EL GUERRILLERO Y EL ASESINO\u201d \u00a0\u00a0\u00a0 <\/p>\n<ul>\n<li>Narra la historia del guerrillero Carlos Pizarro, l\u00edder del movimiento guerrillero M-19 y candidato a la presidencia de Colombia <!--more--> <\/li>\n<\/ul>\n<p>La novela in\u00e9dita de Carlos Fuentes \u201cAquiles, o el guerrillero y el asesino\u201d, que narra la historia del guerrillero Carlos Pizarro, l\u00edder del movimiento guerrillero M-19 y candidato a la presidencia de Colombia, llegar\u00e1 a las librer\u00edas del pa\u00eds a finales de este mes, dijo Silvia Lemus, viuda del escritor, durante el homenaje &#8220;Carlos Fuentes est\u00e1 hoy aqu\u00ed&#8221;, con el que amigos y especialistas recordaron la vida y obra del reconocido autor mexicano, a cuatro a\u00f1os de su fallecimiento, ocurrido un 15 de mayo.<\/p>\n<p>&#8220;Es un libro sobre un gran l\u00edder colombiano, l\u00edder de guerrillas, Carlos Pizarro, quien despu\u00e9s de entregar las armas y tratar de conseguir la paz fue asesinado en un avi\u00f3n, durante un viaje de campa\u00f1a como presidente de la rep\u00fablica. Fue un h\u00e9roe tr\u00e1gico y moderno, Carlos estuvo muy impresionado por este personaje. Aparecer\u00e1 a fines de mayo o principios de junio, se los recomiendo&#8221;, coment\u00f3 Lemus, durante el homenaje que se llev\u00f3 a cabo este s\u00e1bado en la Sala Manuel M. Ponce del Palacio de Bellas Artes, con la lectura de algunas de las obras p\u00f3stumas del autor: \u201cFederico en su balc\u00f3n\u201d (2012), \u201cPantallas de plata\u201d (2014) y \u201cPersonas\u201d (2012), a cargo de los escritores Federico Reyes Heroles e Ignacio Padilla y la cantante Cecilia Toussaint.<\/p>\n<p>Padilla record\u00f3 que en un encuentro literario Fuentes ley\u00f3 fragmentos de \u201cAquiles o el guerrero y el asesino\u201d. &#8220;Muchos a\u00f1os despu\u00e9s le pregunt\u00e9 qu\u00e9 hab\u00eda pasado con la novela sobre Pizarro porque pens\u00e9 que lo hab\u00eda abandonado, lo cierto es que le dedic\u00f3 mucho tiempo a esa novela y a todos sus libros. Me dijo que estaba cambiando tanto la realidad colombiana que cambiaba tambi\u00e9n la historia que quer\u00eda escribir. Llegu\u00e9 a pensar que no lo iba a terminar, as\u00ed que me da mucho gusto que pronto lo tendremos a la mano&#8221;.<\/p>\n<p>Por su parte, Reyes Heroles record\u00f3 el d\u00eda que muri\u00f3 Fuentes, el 15 de mayo de 2012, dejando huella como un referente del llamado \u201cBoom\u201d de la novela hispanoamericana en la d\u00e9cada de los a\u00f1os 60.<\/p>\n<p>AMIGOS Y ESPECIALISTAS RECORDARON LA VIDA Y OBRA DEL RECONOCIDO AUTOR MEXICANO, A CUATRO A\u00d1OS DE SU FALLECIMIENTO, OCURRIDO UN 15 DE MAYO<\/p>\n","protected":false},"excerpt":{"rendered":"<p>\u201cAQUILES, O EL GUERRILLERO Y EL ASESINO\u201d \u00a0\u00a0\u00a0 Narra la historia del guerrillero Carlos Pizarro, l\u00edder del movimiento guerrillero M-19 y candidato a la presidencia de Colombia<\/p>\n","protected":false},"author":93,"featured_media":0,"comment_status":"open","ping_status":"open","sticky":false,"template":"","format":"standard","meta":{"footnotes":""},"categories":[41],"tags":[],"class_list":["post-21245","post","type-post","status-publish","format-standard","hentry","category-arteria-cultural"],"_links":{"self":[{"href":"https:\/\/plazajuarez.mx\/historico\/wp-json\/wp\/v2\/posts\/21245","targetHints":{"allow":["GET"]}}],"collection":[{"href":"https:\/\/plazajuarez.mx\/historico\/wp-json\/wp\/v2\/posts"}],"about":[{"href":"https:\/\/plazajuarez.mx\/historico\/wp-json\/wp\/v2\/types\/post"}],"author":[{"embeddable":true,"href":"https:\/\/plazajuarez.mx\/historico\/wp-json\/wp\/v2\/users\/93"}],"replies":[{"embeddable":true,"href":"https:\/\/plazajuarez.mx\/historico\/wp-json\/wp\/v2\/comments?post=21245"}],"version-history":[{"count":0,"href":"https:\/\/plazajuarez.mx\/historico\/wp-json\/wp\/v2\/posts\/21245\/revisions"}],"wp:attachment":[{"href":"https:\/\/plazajuarez.mx\/historico\/wp-json\/wp\/v2\/media?parent=21245"}],"wp:term":[{"taxonomy":"category","embeddable":true,"href":"https:\/\/plazajuarez.mx\/historico\/wp-json\/wp\/v2\/categories?post=21245"},{"taxonomy":"post_tag","embeddable":true,"href":"https:\/\/plazajuarez.mx\/historico\/wp-json\/wp\/v2\/tags?post=21245"}],"curies":[{"name":"wp","href":"https:\/\/api.w.org\/{rel}","templated":true}]}}