{"id":21244,"date":"2016-05-15T16:51:00","date_gmt":"2016-05-15T16:51:00","guid":{"rendered":"http:\/\/plazajuarez.mx\/index\/index.php\/2016\/05\/15\/la-creacion-literaria-medicina-para-la-migrana-hinojosa-elabora-nuevo-proyecto-2\/"},"modified":"2016-05-15T16:51:00","modified_gmt":"2016-05-15T16:51:00","slug":"la-creacion-literaria-medicina-para-la-migrana-hinojosa-elabora-nuevo-proyecto-2","status":"publish","type":"post","link":"https:\/\/plazajuarez.mx\/historico\/la-creacion-literaria-medicina-para-la-migrana-hinojosa-elabora-nuevo-proyecto-2\/","title":{"rendered":"LA CREACI\u00d3N LITERARIA, MEDICINA PARA LA MIGRA\u00d1A: HINOJOSA; ELABORA NUEVO PROYECTO"},"content":{"rendered":"<p>A 10 A\u00d1OS DE PRIMERA EDICI\u00d3N, REEDITA LIBRO\u00a0\u00a0 <br \/>\u00b7\u00a0\u00a0\u00a0\u00a0\u00a0\u00a0\u00a0 En \u201cMigra\u00f1a en racimos\u201d cuenta su vivencia con esa enfermedad que es temporalmente incapacitante, adem\u00e1s de ofrecer un espejo en el que otros se pudieran mirar<\/p>\n<p>  <!--more-->  <\/p>\n<p>Hace una d\u00e9cada, Francisco Hinojosa escribi\u00f3 \u201cMigra\u00f1a en racimos\u201d para contar su vivencia con esa enfermedad que es temporalmente incapacitante, y para ofrecer un espejo en el que otros se pudieran mirar. Hoy elabora un nuevo proyecto literario que nace de una nueva experiencia, un libro de cr\u00f3nicas de viajes o memorias de viajes para no olvidar, para confrontar a la arteriosclerosis m\u00faltiple que trae consigo la p\u00e9rdida de la memoria inmediata. <br \/>El escritor y ensayista asegura que cuando escribi\u00f3 la primera versi\u00f3n de \u201cMigra\u00f1a en racimos\u201d todav\u00eda exist\u00eda el miedo y el fantasma de que su enfermedad iba a regresar en cualquier momento. \u201cLo estaba escribiendo y no s\u00e9 si el hecho de haber escrito el libro haya ayudado a que esto se acabara. Tengo 11 a\u00f1os con la migra\u00f1a en racimos en remisi\u00f3n\u201d. <br \/>A 10 a\u00f1os de que publicara la primera edici\u00f3n de este libro en Cuadernos de Quir\u00f3n, Hinojosa lo reedita ahora con Almad\u00eda.<\/p>\n","protected":false},"excerpt":{"rendered":"<p>A 10 A\u00d1OS DE PRIMERA EDICI\u00d3N, REEDITA LIBRO\u00a0\u00a0 \u00b7\u00a0\u00a0\u00a0\u00a0\u00a0\u00a0\u00a0 En \u201cMigra\u00f1a en racimos\u201d cuenta su vivencia con esa enfermedad que es temporalmente incapacitante, adem\u00e1s de ofrecer un espejo en el que otros se pudieran mirar<\/p>\n","protected":false},"author":93,"featured_media":0,"comment_status":"open","ping_status":"open","sticky":false,"template":"","format":"standard","meta":{"footnotes":""},"categories":[41],"tags":[],"class_list":["post-21244","post","type-post","status-publish","format-standard","hentry","category-arteria-cultural"],"_links":{"self":[{"href":"https:\/\/plazajuarez.mx\/historico\/wp-json\/wp\/v2\/posts\/21244","targetHints":{"allow":["GET"]}}],"collection":[{"href":"https:\/\/plazajuarez.mx\/historico\/wp-json\/wp\/v2\/posts"}],"about":[{"href":"https:\/\/plazajuarez.mx\/historico\/wp-json\/wp\/v2\/types\/post"}],"author":[{"embeddable":true,"href":"https:\/\/plazajuarez.mx\/historico\/wp-json\/wp\/v2\/users\/93"}],"replies":[{"embeddable":true,"href":"https:\/\/plazajuarez.mx\/historico\/wp-json\/wp\/v2\/comments?post=21244"}],"version-history":[{"count":0,"href":"https:\/\/plazajuarez.mx\/historico\/wp-json\/wp\/v2\/posts\/21244\/revisions"}],"wp:attachment":[{"href":"https:\/\/plazajuarez.mx\/historico\/wp-json\/wp\/v2\/media?parent=21244"}],"wp:term":[{"taxonomy":"category","embeddable":true,"href":"https:\/\/plazajuarez.mx\/historico\/wp-json\/wp\/v2\/categories?post=21244"},{"taxonomy":"post_tag","embeddable":true,"href":"https:\/\/plazajuarez.mx\/historico\/wp-json\/wp\/v2\/tags?post=21244"}],"curies":[{"name":"wp","href":"https:\/\/api.w.org\/{rel}","templated":true}]}}