{"id":212432,"date":"2022-04-23T17:18:21","date_gmt":"2022-04-23T22:18:21","guid":{"rendered":"https:\/\/plazajuarez.mx\/?p=212432"},"modified":"2022-04-23T17:22:56","modified_gmt":"2022-04-23T22:22:56","slug":"vinculanproceso_michoacano","status":"publish","type":"post","link":"https:\/\/plazajuarez.mx\/historico\/vinculanproceso_michoacano\/","title":{"rendered":"Vinculan a proceso a \u201cEl Michoacano\u201d"},"content":{"rendered":"\n<p>La Procuradur\u00eda General de Justicia dio a conocer que se logr\u00f3 la vinculaci\u00f3n a proceso de Jos\u00e9 Artemio Maldonado Mej\u00eda \u201cEl Michoacano\u201d, por los delitos de homicidio calificado y secuestro agravado.<\/p>\n\n\n\n<p>La dependencia encargada de procurar Justicia en Hidalgo record\u00f3 que el pasado 19 de abril, elementos de la PGJEH (Procuradur\u00eda General de Justicia del Estado de Hidalgo) adscritos a la UECS (Unidad Especializada en el combate al Secuestro), en coordinaci\u00f3n con autoridades estatales y federales realizaron un operativo de inteligencia estrat\u00e9gica que dio como resultado la aprehensi\u00f3n de J. A. M. M., apodado \u201cEl Michoacano\u201d o \u201cEl Rabias\u201d, este \u00faltimo fugado, junto con 8 personas m\u00e1s, del Centro de Reinserci\u00f3n Social de Tula de Allende la madrugada del 1\u00ba de diciembre de 2021.<\/p>\n\n\n\n<p>J. A. M. M., l\u00edder del grupo criminal autodenominado Pueblos Unidos que opera en Michoac\u00e1n hab\u00eda sido sujeto de recibir la formulaci\u00f3n de imputaci\u00f3n por delito de homicidio calificado, que dio lugar a la audiencia inicial el 26 de noviembre de 2021.<\/p>\n\n\n\n<p>El delito fue en agravio de una persona privada de la vida con disparos de arma de fuego el 14 de diciembre de 2017, mientras conduc\u00eda una camioneta sobre la carretera Tula &#8211; Tepetitl\u00e1n.<\/p>\n\n\n\n<p>Durante la audiencia inicial, el imputado se acogi\u00f3 a la duplicidad del t\u00e9rmino constitucional para resolver su situaci\u00f3n jur\u00eddica y se dict\u00f3 como medida cautelar, la prisi\u00f3n preventiva con internamiento en el Centro de Reinserci\u00f3n Social de Tula de Allende del cual se fugar\u00eda con apoyo de un comando armado.<\/p>\n\n\n\n<p>Ocurridos los hechos de evasi\u00f3n, el Ministerio P\u00fablico solicit\u00f3 orden de aprehensi\u00f3n en su contra, misma que se logr\u00f3 cumplir el 19 de abril de 2022 por elementos de la UECS Hidalgo, en coordinaci\u00f3n con la Fiscal\u00eda General de Justicia de Michoac\u00e1n, la Coordinaci\u00f3n Nacional Antisecuestros de la Secretar\u00eda de Seguridad y Protecci\u00f3n Ciudadana (SSPC), la Secretar\u00eda de Seguridad P\u00fablica y Atenci\u00f3n Ciudadana de la Ciudad de M\u00e9xico, as\u00ed como el apoyo del \u00e1rea de operaciones del Centro Nacional de Inteligencia y de la Agencia de Investigaci\u00f3n Criminal de la Fiscal\u00eda General de la Rep\u00fablica (FGR).<\/p>\n\n\n\n<p>Destaca que como resultado de otra investigaci\u00f3n, se le imputaron el pasado lunes 18 de abril, cargos por secuestro agravado ocurrido en el mes de julio de 2021 en Tula de Allende.<\/p>\n\n\n\n<p>De este modo, en la continuaci\u00f3n de la audiencia inicial en la que J. A. M. M., alias \u201cEl Michoacano\u201d, fue vinculado a proceso por homicidio calificado y en lo que se refiere al delito de secuestro agravado, este s\u00e1bado 23 de abril se obtuvo la vinculaci\u00f3n a proceso, en ambos asuntos la autoridad judicial estableci\u00f3 un plazo de seis meses para el cierre de la investigaci\u00f3n complementaria.<\/p>\n","protected":false},"excerpt":{"rendered":"<p>La Procuradur\u00eda General de Justicia dio a conocer que se logr\u00f3 la vinculaci\u00f3n a proceso de Jos\u00e9 Artemio Maldonado Mej\u00eda \u201cEl Michoacano\u201d, por los delitos de homicidio calificado y secuestro agravado. La dependencia encargada de procurar Justicia en Hidalgo record\u00f3 que el pasado 19 de abril, elementos de la PGJEH (Procuradur\u00eda General de Justicia del [&hellip;]<\/p>\n","protected":false},"author":93,"featured_media":212433,"comment_status":"closed","ping_status":"closed","sticky":false,"template":"","format":"standard","meta":{"footnotes":""},"categories":[15,2159],"tags":[2427],"class_list":["post-212432","post","type-post","status-publish","format-standard","has-post-thumbnail","hentry","category-destacadas","category-noticias-de-hidalgo","tag-michoacano"],"_links":{"self":[{"href":"https:\/\/plazajuarez.mx\/historico\/wp-json\/wp\/v2\/posts\/212432","targetHints":{"allow":["GET"]}}],"collection":[{"href":"https:\/\/plazajuarez.mx\/historico\/wp-json\/wp\/v2\/posts"}],"about":[{"href":"https:\/\/plazajuarez.mx\/historico\/wp-json\/wp\/v2\/types\/post"}],"author":[{"embeddable":true,"href":"https:\/\/plazajuarez.mx\/historico\/wp-json\/wp\/v2\/users\/93"}],"replies":[{"embeddable":true,"href":"https:\/\/plazajuarez.mx\/historico\/wp-json\/wp\/v2\/comments?post=212432"}],"version-history":[{"count":0,"href":"https:\/\/plazajuarez.mx\/historico\/wp-json\/wp\/v2\/posts\/212432\/revisions"}],"wp:featuredmedia":[{"embeddable":true,"href":"https:\/\/plazajuarez.mx\/historico\/wp-json\/wp\/v2\/media\/212433"}],"wp:attachment":[{"href":"https:\/\/plazajuarez.mx\/historico\/wp-json\/wp\/v2\/media?parent=212432"}],"wp:term":[{"taxonomy":"category","embeddable":true,"href":"https:\/\/plazajuarez.mx\/historico\/wp-json\/wp\/v2\/categories?post=212432"},{"taxonomy":"post_tag","embeddable":true,"href":"https:\/\/plazajuarez.mx\/historico\/wp-json\/wp\/v2\/tags?post=212432"}],"curies":[{"name":"wp","href":"https:\/\/api.w.org\/{rel}","templated":true}]}}