{"id":21243,"date":"2016-05-15T16:50:45","date_gmt":"2016-05-15T16:50:45","guid":{"rendered":"http:\/\/plazajuarez.mx\/index\/index.php\/2016\/05\/15\/apoyo-a-festivales-culturales-compromete-mirna-hernandez\/"},"modified":"2016-05-15T16:50:45","modified_gmt":"2016-05-15T16:50:45","slug":"apoyo-a-festivales-culturales-compromete-mirna-hernandez","status":"publish","type":"post","link":"https:\/\/plazajuarez.mx\/historico\/apoyo-a-festivales-culturales-compromete-mirna-hernandez\/","title":{"rendered":"Apoyo a festivales culturales, compromete Mirna Hern\u00e1ndez"},"content":{"rendered":"<p>PROPUESTA 22\u00a0 <\/p>\n<ul>\n<li>Fomento a la oferta cultural de la capital de Hidalgo <!--more--> <\/li>\n<\/ul>\n<p>Mirna Hern\u00e1ndez Morales, candidata a presidenta municipal de Pachuca por la coalici\u00f3n <em>Un Hidalgo con Rumbo,<\/em> propuso crear el programa <em>M\u00e1s Cultura en tu Ciudad<\/em>, para crear espacios de esparcimiento que fomenten valores, conocimientos y diversi\u00f3n, y a trav\u00e9s del cual habr\u00e1n de apoyarse los festivales culturales.<\/p>\n<p>\u00a0<\/p>\n<p>\u201cVamos a apoyar los festivales culturales de todo tipo, con la finalidad de crear espacios en los que puedan participar j\u00f3venes, adultos e incluso personas de la tercera edad que deseen expresarse a trav\u00e9s de distintas actividades\u201d, afirm\u00f3 la aspirante al presentar <em>M\u00e1s Cultura en tu Ciudad<\/em>, la propuesta 22 de su campa\u00f1a.<\/p>\n<p>\u00a0<\/p>\n<p>Los eventos no s\u00f3lo ser\u00e1n un punto de encuentro y cultura, sino que tambi\u00e9n ayudar\u00e1n a la econom\u00eda de Pachuca, porque atraen turismo a trav\u00e9s de festivales y encuentros culturales y art\u00edsticos.<\/p>\n<p>\u00a0<\/p>\n<p>\u201cSoy pachuque\u00f1a, conozco mi ciudad, siempre he escuchado a la gente. Estos 22 d\u00edas de campa\u00f1a, he coincidido en que hay \u00e1reas muy importantes que el gobierno municipal debe atender, como la seguridad y la recolecci\u00f3n de basura, pero tambi\u00e9n coincido en que, no por dar \u00e9nfasis en estos temas la cultura va a quedarse en el olvido. Por eso hoy mi propuesta es dirigida a la promoci\u00f3n de la cultura\u201d, expres\u00f3 durante un recorrido por la colonia Cubitos .<\/p>\n<p>\u00a0<\/p>\n<p>En dicha colonia propuso adem\u00e1s coordinar acciones con las asociaciones culturales, escuelas de artes, grupos art\u00edsticos o talentos de la ciudad, para conformar un proyecto cultural incluyente.<\/p>\n<p>\u00a0<\/p>\n<p>La abanderada de los partidos Revolucionario Institucional, Verde Ecologista y Nueva Alianza puntualiz\u00f3 que, junto con el candidato a gobernador, Omar Fayad, trabajar\u00e1n para concretar esta propuesta, que ser\u00e1 en beneficio de todos.<\/p>\n<p><strong>PIE DE FOTO<\/strong><\/p>\n<p>Mirna Hern\u00e1ndez Morales, candidata a presidenta municipal de Pachuca por la coalici\u00f3n <em>Un Hidalgo con Rumbo,<\/em> en pro de eventos culturales<em>.<\/em><\/p>\n<p>\u00a0<\/p>\n<p>\u201cSOY PACHUQUE\u00d1A, CONOZCO MI CIUDAD, SIEMPRE HE ESCUCHADO A LA GENTE. ESTOS 22 D\u00cdAS DE CAMPA\u00d1A, HE COINCIDIDO EN QUE HAY \u00c1REAS MUY IMPORTANTES QUE EL GOBIERNO MUNICIPAL DEBE ATENDER, COMO LA SEGURIDAD Y LA RECOLECCI\u00d3N DE BASURA, PERO TAMBI\u00c9N COINCIDO EN QUE, NO POR DAR \u00c9NFASIS EN ESTOS TEMAS LA CULTURA VA A QUEDARSE EN EL OLVIDO. POR ESO HOY MI PROPUESTA ES DIRIGIDA A LA PROMOCI\u00d3N DE LA CULTURA\u201d MIRNA HERN\u00c1NDEZ<\/p>\n","protected":false},"excerpt":{"rendered":"<p>PROPUESTA 22\u00a0 Fomento a la oferta cultural de la capital de Hidalgo<\/p>\n","protected":false},"author":93,"featured_media":0,"comment_status":"open","ping_status":"open","sticky":false,"template":"","format":"standard","meta":{"footnotes":""},"categories":[62],"tags":[],"class_list":["post-21243","post","type-post","status-publish","format-standard","hentry","category-pachuca"],"_links":{"self":[{"href":"https:\/\/plazajuarez.mx\/historico\/wp-json\/wp\/v2\/posts\/21243","targetHints":{"allow":["GET"]}}],"collection":[{"href":"https:\/\/plazajuarez.mx\/historico\/wp-json\/wp\/v2\/posts"}],"about":[{"href":"https:\/\/plazajuarez.mx\/historico\/wp-json\/wp\/v2\/types\/post"}],"author":[{"embeddable":true,"href":"https:\/\/plazajuarez.mx\/historico\/wp-json\/wp\/v2\/users\/93"}],"replies":[{"embeddable":true,"href":"https:\/\/plazajuarez.mx\/historico\/wp-json\/wp\/v2\/comments?post=21243"}],"version-history":[{"count":0,"href":"https:\/\/plazajuarez.mx\/historico\/wp-json\/wp\/v2\/posts\/21243\/revisions"}],"wp:attachment":[{"href":"https:\/\/plazajuarez.mx\/historico\/wp-json\/wp\/v2\/media?parent=21243"}],"wp:term":[{"taxonomy":"category","embeddable":true,"href":"https:\/\/plazajuarez.mx\/historico\/wp-json\/wp\/v2\/categories?post=21243"},{"taxonomy":"post_tag","embeddable":true,"href":"https:\/\/plazajuarez.mx\/historico\/wp-json\/wp\/v2\/tags?post=21243"}],"curies":[{"name":"wp","href":"https:\/\/api.w.org\/{rel}","templated":true}]}}