{"id":212414,"date":"2022-04-23T13:49:31","date_gmt":"2022-04-23T18:49:31","guid":{"rendered":"https:\/\/plazajuarez.mx\/?p=212414"},"modified":"2022-04-23T13:59:31","modified_gmt":"2022-04-23T18:59:31","slug":"monterrey_debanhi","status":"publish","type":"post","link":"https:\/\/plazajuarez.mx\/historico\/monterrey_debanhi\/","title":{"rendered":"Piden nueva autopsia por violaci\u00f3n de joven hallada muerta en Monterrey\u00a0"},"content":{"rendered":"\n<p>&nbsp;La familia de Debanhi Escobar, la joven mexicana hallada muerta en el norte\u00f1o estado de Nuevo Le\u00f3n y cuyo caso fue manejado inicialmente como un accidente por la Fiscal\u00eda del Estado, anunci\u00f3 que exigir\u00e1 una nueva autopsia para determinar si hubo abuso sexual..<\/p>\n\n\n\n<p>Tras el velorio en la ciudad de Monterrey, la familia y asesores legales afirmaron que &#8220;s\u00ed hubo abuso sexual&#8221;, por lo que acusaron a la Fiscal\u00eda de &#8220;inconsistencias&#8221; en el caso de la joven de 18 a\u00f1os, quien apareci\u00f3 muerta el jueves pasado en la cisterna de un motel tras desaparecer el 9 de abril.<\/p>\n\n\n\n<p>\u201cLa familia no est\u00e1 conforme con los resultados, queremos m\u00e1s estudios, tenemos suficiente material para continuar con los estudios, para un segundo peritaje&#8221;, declar\u00f3 a los medios Omar Tamez, miembro de la organizaci\u00f3n no gubernamental Comisi\u00f3n Internacional de los Derechos Humanos.<\/p>\n\n\n\n<p>El caso de Debanhi ha despertado conmoci\u00f3n nacional e internacional por la imagen que se viraliz\u00f3 de ella abandonada en la carretera el 9 de abril en el norte\u00f1o municipio de Escobedo, despu\u00e9s de dejar una fiesta y tomar un taxi, cuyo conductor presuntamente intent\u00f3 abusar de ella.<\/p>\n\n\n\n<p>Tambi\u00e9n ha causado indignaci\u00f3n por las presuntas fallas en la investigaci\u00f3n de la Fiscal\u00eda de Nuevo Le\u00f3n, que primero manej\u00f3 el caso como accidente y despu\u00e9s declar\u00f3 a medios que la causa principal de la desaparici\u00f3n de las mujeres es por &#8220;rebeld\u00eda&#8221; y &#8220;falta de comunicaci\u00f3n de la familia&#8221;.<\/p>\n\n\n\n<p>En medio de protestas ciudadanas con miles de mujeres en las calles a nivel nacional, la Fiscal\u00eda del Estado reconoci\u00f3 este viernes que Debanhi muri\u00f3 por una &#8220;contusi\u00f3n profunda en el cr\u00e1neo&#8221; antes de caer a la cisterna en la que hallaron su cuerpo.<\/p>\n\n\n\n<p>&#8220;Toda la ayuda que yo pueda tener para poder esclarecer el asesinato de mi hija es bienvenido, porque fue un asesinato, la mataron&#8221;, coment\u00f3 este s\u00e1bado tras el velorio Mario Escobar, padre de la joven.<\/p>\n\n\n\n<p>El cuerpo de Debanhi, quien estudiaba derecho en la Universidad Aut\u00f3noma de Nuevo Le\u00f3n (UANL), se trasladar\u00e1 al municipio de Galeana, en el sur de ese estado, para el sepelio.<\/p>\n\n\n\n<p>El caso muestra la doble crisis de violencia machista y de desapariciones en M\u00e9xico, donde asesinan a m\u00e1s de 10 mujeres al d\u00eda y hay m\u00e1s de 99.000 personas no localizadas desde 1964, seg\u00fan cifras del Gobierno.<\/p>\n\n\n\n<p>En lo que va de a\u00f1o, tan solo el estado de Nuevo Le\u00f3n ha registrado una ola de desapariciones con al menos una treintena de mujeres todav\u00eda sin localizar.<\/p>\n","protected":false},"excerpt":{"rendered":"<p>&nbsp;La familia de Debanhi Escobar, la joven mexicana hallada muerta en el norte\u00f1o estado de Nuevo Le\u00f3n y cuyo caso fue manejado inicialmente como un accidente por la Fiscal\u00eda del Estado, anunci\u00f3 que exigir\u00e1 una nueva autopsia para determinar si hubo abuso sexual.. Tras el velorio en la ciudad de Monterrey, la familia y asesores [&hellip;]<\/p>\n","protected":false},"author":80,"featured_media":212418,"comment_status":"closed","ping_status":"closed","sticky":false,"template":"","format":"standard","meta":{"footnotes":""},"categories":[15,36],"tags":[2421],"class_list":["post-212414","post","type-post","status-publish","format-standard","has-post-thumbnail","hentry","category-destacadas","category-nacion","tag-debanhi"],"_links":{"self":[{"href":"https:\/\/plazajuarez.mx\/historico\/wp-json\/wp\/v2\/posts\/212414","targetHints":{"allow":["GET"]}}],"collection":[{"href":"https:\/\/plazajuarez.mx\/historico\/wp-json\/wp\/v2\/posts"}],"about":[{"href":"https:\/\/plazajuarez.mx\/historico\/wp-json\/wp\/v2\/types\/post"}],"author":[{"embeddable":true,"href":"https:\/\/plazajuarez.mx\/historico\/wp-json\/wp\/v2\/users\/80"}],"replies":[{"embeddable":true,"href":"https:\/\/plazajuarez.mx\/historico\/wp-json\/wp\/v2\/comments?post=212414"}],"version-history":[{"count":0,"href":"https:\/\/plazajuarez.mx\/historico\/wp-json\/wp\/v2\/posts\/212414\/revisions"}],"wp:featuredmedia":[{"embeddable":true,"href":"https:\/\/plazajuarez.mx\/historico\/wp-json\/wp\/v2\/media\/212418"}],"wp:attachment":[{"href":"https:\/\/plazajuarez.mx\/historico\/wp-json\/wp\/v2\/media?parent=212414"}],"wp:term":[{"taxonomy":"category","embeddable":true,"href":"https:\/\/plazajuarez.mx\/historico\/wp-json\/wp\/v2\/categories?post=212414"},{"taxonomy":"post_tag","embeddable":true,"href":"https:\/\/plazajuarez.mx\/historico\/wp-json\/wp\/v2\/tags?post=212414"}],"curies":[{"name":"wp","href":"https:\/\/api.w.org\/{rel}","templated":true}]}}