{"id":21241,"date":"2016-05-15T16:49:25","date_gmt":"2016-05-15T16:49:25","guid":{"rendered":"http:\/\/plazajuarez.mx\/index\/index.php\/2016\/05\/15\/daniela-lujan-perseguida-por-revistas-para-caballeros-2\/"},"modified":"2016-05-15T16:49:25","modified_gmt":"2016-05-15T16:49:25","slug":"daniela-lujan-perseguida-por-revistas-para-caballeros-2","status":"publish","type":"post","link":"https:\/\/plazajuarez.mx\/historico\/daniela-lujan-perseguida-por-revistas-para-caballeros-2\/","title":{"rendered":"Daniela Luj\u00e1n, \u201cperseguida\u201d por revistas para caballeros"},"content":{"rendered":"<p><span style=\"font-weight: 400;\">Sin embargo, ella se resiste todav\u00eda a esa idea, pues \u201cno estoy interesada\u201d<\/span><\/p>\n<p>  <!--more-->  <\/p>\n<p>\u00a0<\/p>\n<p><span style=\"font-weight: 400;\">Despu\u00e9s de ser un \u00edcono infantil, Daniela Luj\u00e1n, quien actualmente participa en la obra \u201cCarrie, el musical\u201d, es ahora una de las m\u00e1s perseguidas por las revistas para caballeros. <\/span><\/p>\n<p><span style=\"font-weight: 400;\">Sin embargo, ella se resiste todav\u00eda a esa idea, pues \u201cno estoy interesada. Ha habido propuestas desde antes de mi cambio de look, pero creo que todav\u00eda no es el momento\u201d. <\/span><\/p>\n<p><span style=\"font-weight: 400;\">Del por qu\u00e9 negarse a posar sin ropa, la actriz se\u00f1al\u00f3 que \u201cno he aceptado las ofertas porque no me sentir\u00eda c\u00f3moda, porque es algo que no me fluye\u201d. <\/span><\/p>\n<p><span style=\"font-weight: 400;\">Si m\u00e1s adelante pudiera cambiar de idea y dar el s\u00ed al desnudo, como incluso Kika \u00c9dgar ya lo ha estado considerando, coment\u00f3 que \u201cbueno, pues cuando me sienta con esa sensualidad igual y s\u00ed. Las mujeres somos sensuales, y no s\u00e9 por cu\u00e1ntos ceros sea\u201d. <\/span><\/p>\n<p><span style=\"font-weight: 400;\">Sobre su nuevo look como pelirroja, a\u00f1adi\u00f3: \u201cLo hice por convicci\u00f3n propia y no a la fuerza, como todos mis cambios anteriores. Yo decid\u00ed ser pelirroja por gusto. Ven\u00eda de una racha de que me ve\u00eda al espejo y me gustaba, me ca\u00eda bien y me dec\u00eda que me am\u00f3 mucho\u201d. <\/span><\/p>\n<p><span style=\"font-weight: 400;\">Bella y lejos de aquella ni\u00f1a que conocimos en telenovelas infantiles como \u201cLuz Clarita\u201d, \u201cGotitas de amor\u201d y \u201cC\u00f3mplices al rescate\u201d, Daniela consider\u00f3 que \u201cla seguridad siempre la he tra\u00eddo. M\u00e1s bien es un cambio de adentro hacia afuera\u201d. <\/span><\/p>\n<p><span style=\"font-weight: 400;\">Y reiter\u00f3: \u201cEl 2015 fue un a\u00f1o en el que aprend\u00ed muchas cosas, crec\u00ed much\u00edsimo y pintarme el cabello de rojo fue como para expresar y mostrar el cambio que yo sent\u00eda interiormente\u201d. <\/span><\/p>\n","protected":false},"excerpt":{"rendered":"<p>Sin embargo, ella se resiste todav\u00eda a esa idea, pues \u201cno estoy interesada\u201d<\/p>\n","protected":false},"author":1,"featured_media":0,"comment_status":"open","ping_status":"open","sticky":false,"template":"","format":"standard","meta":{"footnotes":""},"categories":[38],"tags":[],"class_list":["post-21241","post","type-post","status-publish","format-standard","hentry","category-show"],"_links":{"self":[{"href":"https:\/\/plazajuarez.mx\/historico\/wp-json\/wp\/v2\/posts\/21241","targetHints":{"allow":["GET"]}}],"collection":[{"href":"https:\/\/plazajuarez.mx\/historico\/wp-json\/wp\/v2\/posts"}],"about":[{"href":"https:\/\/plazajuarez.mx\/historico\/wp-json\/wp\/v2\/types\/post"}],"author":[{"embeddable":true,"href":"https:\/\/plazajuarez.mx\/historico\/wp-json\/wp\/v2\/users\/1"}],"replies":[{"embeddable":true,"href":"https:\/\/plazajuarez.mx\/historico\/wp-json\/wp\/v2\/comments?post=21241"}],"version-history":[{"count":0,"href":"https:\/\/plazajuarez.mx\/historico\/wp-json\/wp\/v2\/posts\/21241\/revisions"}],"wp:attachment":[{"href":"https:\/\/plazajuarez.mx\/historico\/wp-json\/wp\/v2\/media?parent=21241"}],"wp:term":[{"taxonomy":"category","embeddable":true,"href":"https:\/\/plazajuarez.mx\/historico\/wp-json\/wp\/v2\/categories?post=21241"},{"taxonomy":"post_tag","embeddable":true,"href":"https:\/\/plazajuarez.mx\/historico\/wp-json\/wp\/v2\/tags?post=21241"}],"curies":[{"name":"wp","href":"https:\/\/api.w.org\/{rel}","templated":true}]}}