{"id":21235,"date":"2016-05-15T16:46:56","date_gmt":"2016-05-15T16:46:56","guid":{"rendered":"http:\/\/plazajuarez.mx\/index\/index.php\/2016\/05\/15\/celebra-lupita-d-alessio-45-anos-de-trayectoria-aniversario-digno-de-festejo\/"},"modified":"2016-05-15T16:46:56","modified_gmt":"2016-05-15T16:46:56","slug":"celebra-lupita-d-alessio-45-anos-de-trayectoria-aniversario-digno-de-festejo","status":"publish","type":"post","link":"https:\/\/plazajuarez.mx\/historico\/celebra-lupita-d-alessio-45-anos-de-trayectoria-aniversario-digno-de-festejo\/","title":{"rendered":"Celebra Lupita D&#8217;Alessio 45 a\u00f1os de trayectoria; aniversario digno de festejo"},"content":{"rendered":"<p><span style=\"font-weight: 400;\">El Auditorio Nacional una vez m\u00e1s retumb\u00f3 con su potente voz en el marco del D\u00eda de las Madres, en donde la cantante se luci\u00f3 y fue aplaudida de pie junto a invitados<\/span><\/p>\n<p>  <!--more-->  <\/p>\n<p>\u00a0<\/p>\n<p><span style=\"font-weight: 400;\">Cuarenta y cinco a\u00f1os de trayectoria son los que han consagrado a Lupita D&#8217;Alessio y este aniversario era digno de un festejo. Por eso el Auditorio Nacional una vez m\u00e1s retumb\u00f3 con su potente voz en el marco del D\u00eda de las Madres, en donde la cantante se luci\u00f3 y fue aplaudida de pie junto a invitados como A\u00edda Cuevas, Napole\u00f3n o su hijo Ernesto D&#8217;Alessio. <\/span><\/p>\n<p><span style=\"font-weight: 400;\">La cortina roja que tapaba el escenario se desliz\u00f3 hacia los lados y los m\u00fasicos, acompa\u00f1ados de media orquesta sinf\u00f3nica, tocaron algunos acordes de sus canciones m\u00e1s exitosas cercanas las 20:33 horas. Al fondo, los focos blancos sobre un fondo negro simulaban una noche estrellada y a los costados unas figuras de velas denotaban romanticismo, todo esto dise\u00f1ado por ella misma. <\/span><\/p>\n<p><span style=\"font-weight: 400;\">En un vestido rojo, Lupita sali\u00f3 ante el j\u00fabilo de los presentes y mand\u00f3 besos en se\u00f1al de agradecimiento. Despu\u00e9s de una vuelta, donde dej\u00f3 el oleaje de su vestimenta volar, comenz\u00f3 su repertorio al ritmo de &#8220;Punto y coma&#8221;, &#8220;Vieras cuantas ganas tengo&#8221; y hasta bail\u00f3 con &#8220;Juro que nunca volver\u00e9&#8221;, donde se separ\u00f3 el micr\u00f3fono para decir sus primeras mentadas como parte del tema y dirigidas a los hombres.<\/span><\/p>\n<p><span style=\"font-weight: 400;\">&#8220;\u00bfCu\u00e1ntas leonas hay aqu\u00ed?&#8221;, pregunt\u00f3 antes de &#8220;Leona dormida&#8221;; de repente se acercaba a la mesita con un sill\u00f3n al lado para tomar algunos tragos de gatorade, confes\u00f3 era su bebida. <\/span><\/p>\n<p><span style=\"font-weight: 400;\">As\u00ed continu\u00f3 con &#8220;La diferencia&#8221;, en donde estuvo acompa\u00f1ada por su primera invitada A\u00edda Cuevas, quien sali\u00f3 vestida con su traje de charro. <\/span><\/p>\n<p><span style=\"font-weight: 400;\">&#8220;Esta noche es muy emocionante para m\u00ed, estoy agradecida con Dios y con ustedes&#8221;, expres\u00f3.<\/span><\/p>\n<p><span style=\"font-weight: 400;\"><span style=\"font-weight: 400;\">DESPU\u00c9S DE UNA VUELTA, DONDE DEJ\u00d3 EL OLEAJE DE SU VESTIMENTA VOLAR, COMENZ\u00d3 SU REPERTORIO AL RITMO DE &#8220;PUNTO Y COMA&#8221;, &#8220;VIERAS CU\u00c1NTAS GANAS TENGO&#8221; Y HASTA BAIL\u00d3 CON &#8220;JURO QUE NUNCA VOLVER\u00c9&#8221;, DONDE SE SEPAR\u00d3 EL MICR\u00d3FONO PARA DECIR SUS PRIMERAS MENTADAS COMO PARTE DEL TEMA Y DIRIGIDAS A LOS HOMBRES<\/span><\/span><\/p>\n","protected":false},"excerpt":{"rendered":"<p>El Auditorio Nacional una vez m\u00e1s retumb\u00f3 con su potente voz en el marco del D\u00eda de las Madres, en donde la cantante se luci\u00f3 y fue aplaudida de pie junto a invitados<\/p>\n","protected":false},"author":1,"featured_media":0,"comment_status":"open","ping_status":"open","sticky":false,"template":"","format":"standard","meta":{"footnotes":""},"categories":[38],"tags":[],"class_list":["post-21235","post","type-post","status-publish","format-standard","hentry","category-show"],"_links":{"self":[{"href":"https:\/\/plazajuarez.mx\/historico\/wp-json\/wp\/v2\/posts\/21235","targetHints":{"allow":["GET"]}}],"collection":[{"href":"https:\/\/plazajuarez.mx\/historico\/wp-json\/wp\/v2\/posts"}],"about":[{"href":"https:\/\/plazajuarez.mx\/historico\/wp-json\/wp\/v2\/types\/post"}],"author":[{"embeddable":true,"href":"https:\/\/plazajuarez.mx\/historico\/wp-json\/wp\/v2\/users\/1"}],"replies":[{"embeddable":true,"href":"https:\/\/plazajuarez.mx\/historico\/wp-json\/wp\/v2\/comments?post=21235"}],"version-history":[{"count":0,"href":"https:\/\/plazajuarez.mx\/historico\/wp-json\/wp\/v2\/posts\/21235\/revisions"}],"wp:attachment":[{"href":"https:\/\/plazajuarez.mx\/historico\/wp-json\/wp\/v2\/media?parent=21235"}],"wp:term":[{"taxonomy":"category","embeddable":true,"href":"https:\/\/plazajuarez.mx\/historico\/wp-json\/wp\/v2\/categories?post=21235"},{"taxonomy":"post_tag","embeddable":true,"href":"https:\/\/plazajuarez.mx\/historico\/wp-json\/wp\/v2\/tags?post=21235"}],"curies":[{"name":"wp","href":"https:\/\/api.w.org\/{rel}","templated":true}]}}