{"id":212265,"date":"2022-04-22T10:24:00","date_gmt":"2022-04-22T15:24:00","guid":{"rendered":"https:\/\/plazajuarez.mx\/?p=212265"},"modified":"2022-04-22T12:25:34","modified_gmt":"2022-04-22T17:25:34","slug":"el-milagro-de-fatima","status":"publish","type":"post","link":"https:\/\/plazajuarez.mx\/historico\/el-milagro-de-fatima\/","title":{"rendered":"El milagro de F\u00e1tima"},"content":{"rendered":"\n<h2 class=\"wp-block-heading\">CINE DE HOY<\/h2>\n\n\n\n<p>A diferencia de las recientes cintas con el t\u00edtulo de F\u00e1tima, que versaban sobre personajes con ese nombre, o de peregrinaciones a ese lugar santo, la cinta de Marco Pontecorvo, s\u00ed se basa en la aparici\u00f3n de la virgen en la provincia portuguesa en 1917.<\/p>\n\n\n\n<p>Con una ef\u00edmera exhibici\u00f3n comercial, la cinta puede verse actualmente en la plataforma Prime Video.<\/p>\n\n\n\n<p>Basada en un gui\u00f3n de Valerio D\u2019Anuzzio. Barbara Nicolisi y el propio realizador, quien por cierto es hijo del legendario director de La batalla de Argel, se inician cuando el esc\u00e9ptico profesor Nichols (Harvey Keitel) va al convento a visitar a la hermana Luc\u00eda (Sonia Braga).<\/p>\n\n\n\n<p>Esta recuerda que cuando era una peque\u00f1a pastorcita (Stephanie Gil), en compa\u00f1\u00eda de sus primos, la encantadora Jacinta (Alejandra Howard) y Francisco (Jorge Lamelas) atestiguaron la aparici\u00f3n de la virgen Mar\u00eda (Joana Ribeiro).<\/p>\n\n\n\n<p>La milagrosa aparici\u00f3n fue cuestionada por sus padres, por el cura local (Joaquim de Almeida) y por el esc\u00e9ptico alcalde Arturo (Goran Visnjic), quienes los tachan de mentirosos tratando de controlar la avalancha de fieles que llegan al lugar en busca de un milagro.<\/p>\n\n\n\n<p>Conviene recordar que en 1952 hubo una versi\u00f3n hollywoodense de John Braham, sin embargo, hay que se\u00f1alar que la versi\u00f3n actual del director de Pa ra da cuenta con un buen reparto internacional, por lo que est\u00e1 Fatima ser\u00e1 del agrado de los cin\u00e9filos creyentes.<\/p>\n","protected":false},"excerpt":{"rendered":"<p>CINE DE HOY A diferencia de las recientes cintas con el t\u00edtulo de F\u00e1tima, que versaban sobre personajes con ese nombre, o de peregrinaciones a ese lugar santo, la cinta de Marco Pontecorvo, s\u00ed se basa en la aparici\u00f3n de la virgen en la provincia portuguesa en 1917. Con una ef\u00edmera exhibici\u00f3n comercial, la cinta [&hellip;]<\/p>\n","protected":false},"author":96,"featured_media":212266,"comment_status":"closed","ping_status":"closed","sticky":false,"template":"","format":"standard","meta":{"footnotes":""},"categories":[41,54,42],"tags":[],"class_list":["post-212265","post","type-post","status-publish","format-standard","has-post-thumbnail","hentry","category-arteria-cultural","category-jorge-carrasco","category-nuestrapalabra"],"_links":{"self":[{"href":"https:\/\/plazajuarez.mx\/historico\/wp-json\/wp\/v2\/posts\/212265","targetHints":{"allow":["GET"]}}],"collection":[{"href":"https:\/\/plazajuarez.mx\/historico\/wp-json\/wp\/v2\/posts"}],"about":[{"href":"https:\/\/plazajuarez.mx\/historico\/wp-json\/wp\/v2\/types\/post"}],"author":[{"embeddable":true,"href":"https:\/\/plazajuarez.mx\/historico\/wp-json\/wp\/v2\/users\/96"}],"replies":[{"embeddable":true,"href":"https:\/\/plazajuarez.mx\/historico\/wp-json\/wp\/v2\/comments?post=212265"}],"version-history":[{"count":0,"href":"https:\/\/plazajuarez.mx\/historico\/wp-json\/wp\/v2\/posts\/212265\/revisions"}],"wp:featuredmedia":[{"embeddable":true,"href":"https:\/\/plazajuarez.mx\/historico\/wp-json\/wp\/v2\/media\/212266"}],"wp:attachment":[{"href":"https:\/\/plazajuarez.mx\/historico\/wp-json\/wp\/v2\/media?parent=212265"}],"wp:term":[{"taxonomy":"category","embeddable":true,"href":"https:\/\/plazajuarez.mx\/historico\/wp-json\/wp\/v2\/categories?post=212265"},{"taxonomy":"post_tag","embeddable":true,"href":"https:\/\/plazajuarez.mx\/historico\/wp-json\/wp\/v2\/tags?post=212265"}],"curies":[{"name":"wp","href":"https:\/\/api.w.org\/{rel}","templated":true}]}}