{"id":212212,"date":"2022-04-21T21:00:00","date_gmt":"2022-04-22T02:00:00","guid":{"rendered":"https:\/\/plazajuarez.mx\/?p=212212"},"modified":"2022-04-22T08:01:27","modified_gmt":"2022-04-22T13:01:27","slug":"en-pachuca-estamos-muy-por-arriba-de-los-adversarios-viggiano","status":"publish","type":"post","link":"https:\/\/plazajuarez.mx\/historico\/en-pachuca-estamos-muy-por-arriba-de-los-adversarios-viggiano\/","title":{"rendered":"En Pachuca estamos muy por arriba de los adversarios: Viggiano"},"content":{"rendered":"\n<p>Ante colonos de los barrios altos de Pachuca, la candidata de la coalici\u00f3n Va por Hidalgo, Carolina Viggiano Austria asegur\u00f3 que en la capital hidalguense est\u00e1n muy por arriba de los adversarios, derivado del trabajo de la estructura priista que recorre todos los d\u00edas las calles.<\/p>\n\n\n\n<p>Afirm\u00f3 que la estructura tricolor est\u00e1 dando la batalla y los n\u00fameros le dan la ventaja en la capital hidalguense, \u201cEn Pachuca estamos muy por delante de los de enfrente, lo tenemos ganado gracias al esfuerzo de la estructura, que recorre todos los d\u00edas las calles, porque somos de territorio, porque no nos montamos en caballo ajeno, porque tenemos estructura propia y con propuestas viables queremos ganar\u201d.<\/p>\n\n\n\n<p>Destac\u00f3 que ya es necesario de una gobernadora valiente, que tenga ganas de trabajar por Hidalgo, \u201cEstoy muy contenta de estar en El Arbolito con Benjam\u00edn Rico, un l\u00edder que le gusta trabajar, servir y caminar, s\u00e9 que estamos en buenas manos, porque s\u00e9 que hay organizaci\u00f3n\u201d.<\/p>\n\n\n\n<p>En su recorrido por los barrios altos y colonias de Pachuca, Carolina Viggiano present\u00f3&nbsp; los programas que impulsa para atender la salud de las familias pachuque\u00f1as como la Chequera de la Salud y la tarjeta Contenta.&nbsp;<\/p>\n\n\n\n<p>M\u00e1s tarde, se reuni\u00f3 con locatarios y comerciantes de la capital hidalguense, con quienes refrend\u00f3 su respaldo a trav\u00e9s del Banco Rosa, que brindar\u00e1 cr\u00e9ditos y capacitaciones, \u201cvamos a apoyar a emprendedoras con cr\u00e9ditos accesibles y asesor\u00edas para que saquen adelante sus negocios\u201d.<\/p>\n","protected":false},"excerpt":{"rendered":"<p>Ante colonos de los barrios altos de Pachuca, la candidata de la coalici\u00f3n Va por Hidalgo, Carolina Viggiano Austria asegur\u00f3 que en la capital hidalguense est\u00e1n muy por arriba de los adversarios, derivado del trabajo de la estructura priista que recorre todos los d\u00edas las calles. Afirm\u00f3 que la estructura tricolor est\u00e1 dando la batalla [&hellip;]<\/p>\n","protected":false},"author":93,"featured_media":212213,"comment_status":"closed","ping_status":"closed","sticky":false,"template":"","format":"standard","meta":{"footnotes":""},"categories":[2373,15,59,2159],"tags":[],"class_list":["post-212212","post","type-post","status-publish","format-standard","has-post-thumbnail","hentry","category-campanas-2022","category-destacadas","category-general","category-noticias-de-hidalgo"],"_links":{"self":[{"href":"https:\/\/plazajuarez.mx\/historico\/wp-json\/wp\/v2\/posts\/212212","targetHints":{"allow":["GET"]}}],"collection":[{"href":"https:\/\/plazajuarez.mx\/historico\/wp-json\/wp\/v2\/posts"}],"about":[{"href":"https:\/\/plazajuarez.mx\/historico\/wp-json\/wp\/v2\/types\/post"}],"author":[{"embeddable":true,"href":"https:\/\/plazajuarez.mx\/historico\/wp-json\/wp\/v2\/users\/93"}],"replies":[{"embeddable":true,"href":"https:\/\/plazajuarez.mx\/historico\/wp-json\/wp\/v2\/comments?post=212212"}],"version-history":[{"count":0,"href":"https:\/\/plazajuarez.mx\/historico\/wp-json\/wp\/v2\/posts\/212212\/revisions"}],"wp:featuredmedia":[{"embeddable":true,"href":"https:\/\/plazajuarez.mx\/historico\/wp-json\/wp\/v2\/media\/212213"}],"wp:attachment":[{"href":"https:\/\/plazajuarez.mx\/historico\/wp-json\/wp\/v2\/media?parent=212212"}],"wp:term":[{"taxonomy":"category","embeddable":true,"href":"https:\/\/plazajuarez.mx\/historico\/wp-json\/wp\/v2\/categories?post=212212"},{"taxonomy":"post_tag","embeddable":true,"href":"https:\/\/plazajuarez.mx\/historico\/wp-json\/wp\/v2\/tags?post=212212"}],"curies":[{"name":"wp","href":"https:\/\/api.w.org\/{rel}","templated":true}]}}