{"id":212210,"date":"2022-04-22T07:58:38","date_gmt":"2022-04-22T12:58:38","guid":{"rendered":"https:\/\/plazajuarez.mx\/?p=212210"},"modified":"2022-04-22T07:58:51","modified_gmt":"2022-04-22T12:58:51","slug":"tengo-un-arbol","status":"publish","type":"post","link":"https:\/\/plazajuarez.mx\/historico\/tengo-un-arbol\/","title":{"rendered":"TENGO UN \u00c1RBOL"},"content":{"rendered":"\n<h2 class=\"wp-block-heading\">ALFIL NEGRO<\/h2>\n\n\n\n<p>En el patio de mi casa<\/p>\n\n\n\n<p>tengo un \u00e1rbol muy hermoso<\/p>\n\n\n\n<p>que da peras verdes, verdes,<\/p>\n\n\n\n<p>y una sombra de frescura.<\/p>\n\n\n\n<p>Pero lo que m\u00e1s me impresiona<\/p>\n\n\n\n<p>no son sus frutas sabrosas,<\/p>\n\n\n\n<p>es el im\u00e1n que mantiene<\/p>\n\n\n\n<p>para ser casa de aves<\/p>\n\n\n\n<p>que todo el d\u00eda van y vienen<\/p>\n\n\n\n<p>y cantan, juegan y brincan<\/p>\n\n\n\n<p>en sus ramas ahora verdes.<\/p>\n\n\n\n<p>Yo no s\u00e9 mucho de aves<\/p>\n\n\n\n<p>ni conozco de sus nombres,<\/p>\n\n\n\n<p>mi hermano que oy\u00f3 sus cantos<\/p>\n\n\n\n<p>me dijo que eran cenzontles,<\/p>\n\n\n\n<p>pero los oigo que cantan<\/p>\n\n\n\n<p>y cierro fuerte los ojos<\/p>\n\n\n\n<p>para disfrutar sus voces.<\/p>\n\n\n\n<p>Y hay p\u00e1jaros peque\u00f1os<\/p>\n\n\n\n<p>algunos cabeza roja,<\/p>\n\n\n\n<p>otros con alas rojizas<\/p>\n\n\n\n<p>y un colibr\u00ed que me mira<\/p>\n\n\n\n<p>y luego desaparece.<\/p>\n\n\n\n<p>Me gusta mi \u00e1rbol verde<\/p>\n\n\n\n<p>y los p\u00e1jaros que tiene,<\/p>\n\n\n\n<p>y m\u00e1s escuchar su canto<\/p>\n\n\n\n<p>tan alegres tan sinceros,<\/p>\n\n\n\n<p>y me da gusto escucharlos<\/p>\n\n\n\n<p>porque suena a salmo viejo<\/p>\n\n\n\n<p>a letan\u00eda del camino<\/p>\n\n\n\n<p>y a danza para que llueva.<\/p>\n\n\n\n<p>El colibr\u00ed me emociona<\/p>\n\n\n\n<p>es un pedazo de noche<\/p>\n\n\n\n<p>un rayo cuando se aleja<\/p>\n\n\n\n<p>ni\u00f1o curioso al mirarme,<\/p>\n\n\n\n<p>y me dicen que es de suerte<\/p>\n\n\n\n<p>que un colibr\u00ed te visite<\/p>\n\n\n\n<p>y este del que les&nbsp; habl\u00f3<\/p>\n\n\n\n<p>naci\u00f3 en mi \u00e1rbol verde.<\/p>\n\n\n\n<p>Todo el d\u00eda mi \u00e1rbol tiene<\/p>\n\n\n\n<p>p\u00e1jaros que lo visitan,<\/p>\n\n\n\n<p>y se sienten tan en casa<\/p>\n\n\n\n<p>que si me acerco no vuelan,<\/p>\n\n\n\n<p>si acaso voltean un poco<\/p>\n\n\n\n<p>y siguen en sus tareas.<\/p>\n\n\n\n<p>Y cuando cantan qu\u00e9 hermoso<\/p>\n\n\n\n<p>cada cual con su tonada,<\/p>\n\n\n\n<p>pero si canta el cenzontle<\/p>\n\n\n\n<p>todos callan y lo escuchan<\/p>\n\n\n\n<p>es solista en el concierto,<\/p>\n\n\n\n<p>Y lo escuchan con respeto.<\/p>\n\n\n\n<p>Puede ser que por los a\u00f1os<\/p>\n\n\n\n<p>ponga atenci\u00f3n en sus cantos<\/p>\n\n\n\n<p>pero son extraordinarios<\/p>\n\n\n\n<p>sin partitura ni atriles<\/p>\n\n\n\n<p>\u00e1ngeles cantando fuerte.<\/p>\n\n\n\n<p>Y con m\u00e1s detenimiento&nbsp;<\/p>\n\n\n\n<p>voy mirando muchas cosas<\/p>\n\n\n\n<p>el agua cuando llovizna,<\/p>\n\n\n\n<p>las estrellas en el cielo,<\/p>\n\n\n\n<p>la tonada de los vientos,<\/p>\n\n\n\n<p>el caminar de los gatos<\/p>\n\n\n\n<p>y la forma de las nubes.<\/p>\n\n\n\n<p>Pero nada se compara<\/p>\n\n\n\n<p>al canto de los cenzontles,<\/p>\n\n\n\n<p>que ser\u00e1n sin duda alguna<\/p>\n\n\n\n<p>Recuerdos que uno se lleve<\/p>\n\n\n\n<p>cuando llegue la partida.<\/p>\n\n\n\n<p>Colibr\u00ed de jade y noche<\/p>\n\n\n\n<p>gorriones y compa\u00f1eros<\/p>\n\n\n\n<p>cuando nos llegue la noche<\/p>\n\n\n\n<p>canten con todas sus fuerzas,<\/p>\n\n\n\n<p>y jueguen ni\u00f1os con alas<\/p>\n\n\n\n<p>en el \u00e1rbol que yo tengo<\/p>\n\n\n\n<p>verde de peras sabrosas<\/p>\n\n\n\n<p>que me da sombra muy fresca<\/p>\n\n\n\n<p>y es casa de las aves<\/p>\n\n\n\n<p>que cantan, brincan y juegan<\/p>\n\n\n\n<p>ni\u00f1os de alas de \u00e1ngel<\/p>\n\n\n\n<p>y voces de eternidades.<\/p>\n","protected":false},"excerpt":{"rendered":"<p>ALFIL NEGRO En el patio de mi casa tengo un \u00e1rbol muy hermoso que da peras verdes, verdes, y una sombra de frescura. Pero lo que m\u00e1s me impresiona no son sus frutas sabrosas, es el im\u00e1n que mantiene para ser casa de aves que todo el d\u00eda van y vienen y cantan, juegan y [&hellip;]<\/p>\n","protected":false},"author":83,"featured_media":208526,"comment_status":"closed","ping_status":"closed","sticky":false,"template":"","format":"standard","meta":{"footnotes":""},"categories":[48,42],"tags":[],"class_list":["post-212210","post","type-post","status-publish","format-standard","has-post-thumbnail","hentry","category-adalberto-peralta","category-nuestrapalabra"],"_links":{"self":[{"href":"https:\/\/plazajuarez.mx\/historico\/wp-json\/wp\/v2\/posts\/212210","targetHints":{"allow":["GET"]}}],"collection":[{"href":"https:\/\/plazajuarez.mx\/historico\/wp-json\/wp\/v2\/posts"}],"about":[{"href":"https:\/\/plazajuarez.mx\/historico\/wp-json\/wp\/v2\/types\/post"}],"author":[{"embeddable":true,"href":"https:\/\/plazajuarez.mx\/historico\/wp-json\/wp\/v2\/users\/83"}],"replies":[{"embeddable":true,"href":"https:\/\/plazajuarez.mx\/historico\/wp-json\/wp\/v2\/comments?post=212210"}],"version-history":[{"count":0,"href":"https:\/\/plazajuarez.mx\/historico\/wp-json\/wp\/v2\/posts\/212210\/revisions"}],"wp:featuredmedia":[{"embeddable":true,"href":"https:\/\/plazajuarez.mx\/historico\/wp-json\/wp\/v2\/media\/208526"}],"wp:attachment":[{"href":"https:\/\/plazajuarez.mx\/historico\/wp-json\/wp\/v2\/media?parent=212210"}],"wp:term":[{"taxonomy":"category","embeddable":true,"href":"https:\/\/plazajuarez.mx\/historico\/wp-json\/wp\/v2\/categories?post=212210"},{"taxonomy":"post_tag","embeddable":true,"href":"https:\/\/plazajuarez.mx\/historico\/wp-json\/wp\/v2\/tags?post=212210"}],"curies":[{"name":"wp","href":"https:\/\/api.w.org\/{rel}","templated":true}]}}