{"id":212181,"date":"2022-04-21T14:06:02","date_gmt":"2022-04-21T19:06:02","guid":{"rendered":"https:\/\/plazajuarez.mx\/?p=212181"},"modified":"2022-04-21T14:06:15","modified_gmt":"2022-04-21T19:06:15","slug":"vacuna_menores","status":"publish","type":"post","link":"https:\/\/plazajuarez.mx\/historico\/vacuna_menores\/","title":{"rendered":"Menores de 14 a\u00f1os en SLP recibir\u00e1n su primera vacuna anticovid"},"content":{"rendered":"\n<p> En mayo todos los menores de 14 a\u00f1os recibir\u00e1n su primer vacuna contra el Covid-19, anunci\u00f3 el gobernador Ricardo Gallardo Cardona.<\/p>\n\n\n\n<p>Dijo que su administraci\u00f3n cuenta con toda la log\u00edstica para apoyar al personal de salud que realizar\u00e1 la inoculaci\u00f3n a las ni\u00f1as y ni\u00f1os. El mandatario estatal coment\u00f3 que se aplicar\u00e1 una vacuna pedi\u00e1trica a los menores de 5 a 11 a\u00f1os de edad, en las cuatro regiones que comprende el territorio estatal potosino.<\/p>\n\n\n\n<p>Aunque el Gobierno Federal no ha definido fechas para cada estado, Gallardo Cardona menciono que ser\u00e1 en el pr\u00f3ximo mes, ya que por ahora se aplica vacunaci\u00f3n de refuerzo y rezagados de 18 a\u00f1os en adelante.<\/p>\n\n\n\n<p>Tambi\u00e9n, coment\u00f3 que de ser necesario se instalar\u00e1n m\u00f3dulos en diversos puntos de la ciudad capital y municipios, e incluso se contempla el funcionamiento de sedes con acceso vehicular para vacunar a los menores de edad.<\/p>\n\n\n\n<p>Y reiter\u00f3 que el personal de la Secretar\u00eda de Salud continuar\u00e1 trabajando, con el mismo empe\u00f1o que ha puesto en la vacunaci\u00f3n a mayores de edad y menores de 12 a 17 a\u00f1os, como lo han venido realizando en el estado, por m\u00e1s de un a\u00f1o.<\/p>\n\n\n\n<p>&#8220;Son casi 343 mil ni\u00f1as y ni\u00f1os de 5 a 11 a\u00f1os los que requieren de la aplicaci\u00f3n de vacuna pedi\u00e1trica contra Covid-19 en San Luis Potos\u00ed, por lo que la decisi\u00f3n del Presidente de la Rep\u00fablica, sin duda es importante y alegra a madres y padres de familia que esperaban con ansia este anuncio&#8221;, asever\u00f3.<\/p>\n\n\n\n<p>Asimismo mencion\u00f3 que, del rango de 12 a 14 a\u00f1os, son 152 mil 545 menores, de los cuales, una parte ya fue vacunada contra Covid-19, por padecer alguna enfermedad cr\u00f3nico degenerativa, pero est\u00e1 pendiente aplicar el biol\u00f3gico a quienes no tienen comorbilidades.<\/p>\n","protected":false},"excerpt":{"rendered":"<p>En mayo todos los menores de 14 a\u00f1os recibir\u00e1n su primer vacuna contra el Covid-19, anunci\u00f3 el gobernador Ricardo Gallardo Cardona. Dijo que su administraci\u00f3n cuenta con toda la log\u00edstica para apoyar al personal de salud que realizar\u00e1 la inoculaci\u00f3n a las ni\u00f1as y ni\u00f1os. El mandatario estatal coment\u00f3 que se aplicar\u00e1 una vacuna pedi\u00e1trica [&hellip;]<\/p>\n","protected":false},"author":81,"featured_media":209083,"comment_status":"closed","ping_status":"closed","sticky":false,"template":"","format":"standard","meta":{"footnotes":""},"categories":[15,2163],"tags":[98],"class_list":["post-212181","post","type-post","status-publish","format-standard","has-post-thumbnail","hentry","category-destacadas","category-noticias-de-slp","tag-covid"],"_links":{"self":[{"href":"https:\/\/plazajuarez.mx\/historico\/wp-json\/wp\/v2\/posts\/212181","targetHints":{"allow":["GET"]}}],"collection":[{"href":"https:\/\/plazajuarez.mx\/historico\/wp-json\/wp\/v2\/posts"}],"about":[{"href":"https:\/\/plazajuarez.mx\/historico\/wp-json\/wp\/v2\/types\/post"}],"author":[{"embeddable":true,"href":"https:\/\/plazajuarez.mx\/historico\/wp-json\/wp\/v2\/users\/81"}],"replies":[{"embeddable":true,"href":"https:\/\/plazajuarez.mx\/historico\/wp-json\/wp\/v2\/comments?post=212181"}],"version-history":[{"count":0,"href":"https:\/\/plazajuarez.mx\/historico\/wp-json\/wp\/v2\/posts\/212181\/revisions"}],"wp:featuredmedia":[{"embeddable":true,"href":"https:\/\/plazajuarez.mx\/historico\/wp-json\/wp\/v2\/media\/209083"}],"wp:attachment":[{"href":"https:\/\/plazajuarez.mx\/historico\/wp-json\/wp\/v2\/media?parent=212181"}],"wp:term":[{"taxonomy":"category","embeddable":true,"href":"https:\/\/plazajuarez.mx\/historico\/wp-json\/wp\/v2\/categories?post=212181"},{"taxonomy":"post_tag","embeddable":true,"href":"https:\/\/plazajuarez.mx\/historico\/wp-json\/wp\/v2\/tags?post=212181"}],"curies":[{"name":"wp","href":"https:\/\/api.w.org\/{rel}","templated":true}]}}