{"id":212015,"date":"2022-04-20T10:37:36","date_gmt":"2022-04-20T15:37:36","guid":{"rendered":"https:\/\/plazajuarez.mx\/?p=212015"},"modified":"2022-04-20T13:38:03","modified_gmt":"2022-04-20T18:38:03","slug":"jennifer-aniston-narra-su-pesadilla-sufre-trastorno-de-sueno","status":"publish","type":"post","link":"https:\/\/plazajuarez.mx\/historico\/jennifer-aniston-narra-su-pesadilla-sufre-trastorno-de-sueno\/","title":{"rendered":"Jennifer Aniston narra su pesadilla: sufre trastorno de sue\u00f1o"},"content":{"rendered":"\n<p>La actriz Jennifer Aniston, recordada por su papel en la serie &#8220;Friends&#8221;, dio a conocer que ha padecido insomnio durante d\u00e9cadas, e incluso ha tenido que lidiar con el sonambulismo y la ansiedad.<\/p>\n\n\n\n<p>A sus 53 a\u00f1os, revel\u00f3 que desde los 30 ha luchado contra este padecimiento, de acuerdo con la entrevista que ofreci\u00f3 a la revista People.&nbsp;<\/p>\n\n\n\n<p>&#8220;Cuando somos j\u00f3venes nos creemos invencibles y no empiezas a notar los efectos de la falta de sue\u00f1o hasta que cumples a\u00f1os&#8221;, expres\u00f3 Aniston.<\/p>\n\n\n\n<p>Comparti\u00f3 a su vez que en un principio lo acept\u00f3, pero con el tiempo se dio cuenta que este padecimiento afectaba sus actividades diarias, tales como el trabajo, sus funciones cognitivas, e incluso su f\u00edsico.<\/p>\n\n\n\n<p>Pero a\u00fan sabiendo esas problem\u00e1ticas, decidi\u00f3 no atenderse y continuar de forma regular, hasta que el padecimiento se convirti\u00f3 realmente en una lucha.&nbsp;<\/p>\n\n\n\n<p>&#8220;Se convirti\u00f3 en algo con lo que realmente estaba luchando. Sol\u00eda ser lo \u00faltimo de la lista, pero realmente no pude seguir&#8221;, asegur\u00f3 la estrella.&nbsp;<\/p>\n","protected":false},"excerpt":{"rendered":"<p>La actriz Jennifer Aniston, recordada por su papel en la serie &#8220;Friends&#8221;, dio a conocer que ha padecido insomnio durante d\u00e9cadas, e incluso ha tenido que lidiar con el sonambulismo y la ansiedad. A sus 53 a\u00f1os, revel\u00f3 que desde los 30 ha luchado contra este padecimiento, de acuerdo con la entrevista que ofreci\u00f3 a [&hellip;]<\/p>\n","protected":false},"author":81,"featured_media":212018,"comment_status":"closed","ping_status":"closed","sticky":false,"template":"","format":"standard","meta":{"footnotes":""},"categories":[38],"tags":[],"class_list":["post-212015","post","type-post","status-publish","format-standard","has-post-thumbnail","hentry","category-show"],"_links":{"self":[{"href":"https:\/\/plazajuarez.mx\/historico\/wp-json\/wp\/v2\/posts\/212015","targetHints":{"allow":["GET"]}}],"collection":[{"href":"https:\/\/plazajuarez.mx\/historico\/wp-json\/wp\/v2\/posts"}],"about":[{"href":"https:\/\/plazajuarez.mx\/historico\/wp-json\/wp\/v2\/types\/post"}],"author":[{"embeddable":true,"href":"https:\/\/plazajuarez.mx\/historico\/wp-json\/wp\/v2\/users\/81"}],"replies":[{"embeddable":true,"href":"https:\/\/plazajuarez.mx\/historico\/wp-json\/wp\/v2\/comments?post=212015"}],"version-history":[{"count":0,"href":"https:\/\/plazajuarez.mx\/historico\/wp-json\/wp\/v2\/posts\/212015\/revisions"}],"wp:featuredmedia":[{"embeddable":true,"href":"https:\/\/plazajuarez.mx\/historico\/wp-json\/wp\/v2\/media\/212018"}],"wp:attachment":[{"href":"https:\/\/plazajuarez.mx\/historico\/wp-json\/wp\/v2\/media?parent=212015"}],"wp:term":[{"taxonomy":"category","embeddable":true,"href":"https:\/\/plazajuarez.mx\/historico\/wp-json\/wp\/v2\/categories?post=212015"},{"taxonomy":"post_tag","embeddable":true,"href":"https:\/\/plazajuarez.mx\/historico\/wp-json\/wp\/v2\/tags?post=212015"}],"curies":[{"name":"wp","href":"https:\/\/api.w.org\/{rel}","templated":true}]}}